{"id":73076,"date":"2022-03-18T07:18:53","date_gmt":"2022-03-18T13:18:53","guid":{"rendered":"http:\/\/diariodigitalmx.com\/?p=73076"},"modified":"2022-03-18T07:19:23","modified_gmt":"2022-03-18T13:19:23","slug":"por-una-democracia-progresista","status":"publish","type":"post","link":"https:\/\/diariodigitalmx.com\/index.php\/2022\/03\/18\/por-una-democracia-progresista\/","title":{"rendered":"Por una democracia progresista"},"content":{"rendered":"\n<p>\u00d3scar Tamez Rodr\u00edguez&nbsp;<\/p>\n\n\n\n<p>Cuauht\u00e9moc C\u00e1rdenas visit\u00f3 Monterrey presentando su libro \u201cPor una democracia progresista. Debatir el presente para un mejor futuro\u201d, un t\u00edtulo sugestivo, el contenido no necesariamente representa el t\u00edtulo.<\/p>\n\n\n\n<p>Publicado en el 2021, resulta un gran libro de historia mexicana entre 1910 y 1940 principalmente. En sus \u00faltimos cap\u00edtulos incluye un par de apartados relacionados con la transici\u00f3n entre el final del siglo XX y el arranque del siglo XXI.<\/p>\n\n\n\n<p>A lo largo de la obra se remonta a los momentos de la revoluci\u00f3n, sin que por ello haga un parang\u00f3n con el tiempo presente; se queda en la descripci\u00f3n de hechos de las d\u00e9cadas ya se\u00f1aladas sin profundizar en los an\u00e1lisis hermen\u00e9utico, comparado, interdisciplinario o de interpretaci\u00f3n que permita traer al presente los sucesos de la etapa revolucionaria y postrevolucionaria del Cardenismo.<\/p>\n\n\n\n<p>Es en el \u00faltimo cap\u00edtulo denominado \u201cLa recuperaci\u00f3n de un proyecto de naci\u00f3n\u201d donde aborda los temas de actualidad, ah\u00ed pretende establecer que la revoluci\u00f3n mexicana a\u00fan contin\u00faa y que su lucha no ha terminado.<\/p>\n\n\n\n<p>Esa interpretaci\u00f3n del movimiento revolucionaria no es nueva, existen autores quienes hablan de la no conclusi\u00f3n de la revoluci\u00f3n y sus reivindicaciones, en lo personal le considero una postura ret\u00f3rica pues la revoluci\u00f3n armada, considerada como un movimiento nacional, concluye b\u00e1sicamente con la muerte de Venustiano Carranza en 1920.<\/p>\n\n\n\n<p>Es evidente que todo movimiento social es inacabado, ni la independencia, la reforma o la revoluci\u00f3n pueden definirse como movimientos sociales concluidos, claro eso es ret\u00f3rica pues el prop\u00f3sito principal del movimiento se vio coronado.<\/p>\n\n\n\n<p>Es evidente que todo movimiento revolucionario, al considerar reivindicaciones sociales, dif\u00edcilmente ver\u00e1 coronado el final, la raz\u00f3n es porque los fines generalmente est\u00e1n planteados en postulados filos\u00f3ficos y te\u00f3ricos, los cuales al pretender materializarlos se vuelven utop\u00eda.<\/p>\n\n\n\n<p>La educaci\u00f3n gratuita, obligatoria y universal; es una consigna revolucionaria que ser\u00e1 materialmente imposible mientras exista pobreza y marginaci\u00f3n. La pobreza y marginaci\u00f3n no acabar\u00e1n mientras mantengamos las desigualdades persistentes hace m\u00e1s de 200 a\u00f1os y tengamos arraigado el principio multicultural como forma de conducta a las comunidades ind\u00edgenas o pueblos originarios.<\/p>\n\n\n\n<p>Cuauht\u00e9moc C\u00e1rdenas lo se\u00f1ala as\u00ed en su libro: \u201c\u2026la revoluci\u00f3n mexicana es un proceso vivo, inacabado, y que su prop\u00f3sito central sigue siendo la edificaci\u00f3n de una amplia, s\u00f3lida y perdurable democracia en M\u00e9xico, as\u00ed como un equitativo y solidario orden mundial.\u201d<\/p>\n\n\n\n<p>Por supuesto que nuestra democracia es inacabada, poco hicieron los presidentes revolucionarios por ella, incluido L\u00e1zaro, lo mismo sucedi\u00f3 con los mal llamados neoliberales, aunque es entre 1988 y 2007 cu\u00e1ndo m\u00e1s avanzamos en materia de democracia gracias a la presi\u00f3n social.<\/p>\n\n\n\n<p>Coincido con Cuauht\u00e9moc C\u00e1rdenas en la b\u00fasqueda de una democracia acorde a la historicidad y cultura mexicanas. Difiero en la necesidad de adjetivarla como \u201cdemocracia progresista\u201d. Es m\u00e1s, la cr\u00edtica m\u00e1s firme que plantear\u00eda es que por ning\u00fan lado define a qu\u00e9 le llama democracia progresista.<\/p>\n\n\n\n<p>Cualquier acad\u00e9mico sabe que los conceptos deben definirse, como dir\u00eda \u00c9mile Durkheim: lo primero es definir conceptos.<\/p>\n\n\n\n<p>Un libro interesante del cual esperemos una segunda parte donde abunde en el proyecto de lo que conceptualiza como democracia progresista.<\/p>\n\n\n\n<p>Espero se refiera a una democracia blindada de los vaivenes de las ideolog\u00edas, donde sin importar que gobierne la derecha o la izquierda, no exista peligro de dictaduras.<\/p>\n","protected":false},"excerpt":{"rendered":"<p>\u00d3scar Tamez Rodr\u00edguez&nbsp; Cuauht\u00e9moc C\u00e1rdenas visit\u00f3 Monterrey presentando su libro \u201cPor una democracia progresista. Debatir el presente para un mejor futuro\u201d, un t\u00edtulo sugestivo, el contenido no necesariamente representa el t\u00edtulo. Publicado en el 2021, resulta un gran libro de historia mexicana entre 1910 y 1940 principalmente. En sus \u00faltimos cap\u00edtulos incluye un par de [&hellip;]<\/p>\n","protected":false},"author":1,"featured_media":72929,"comment_status":"open","ping_status":"open","sticky":true,"template":"","format":"standard","meta":{"footnotes":""},"categories":[14,12],"tags":[],"_links":{"self":[{"href":"https:\/\/diariodigitalmx.com\/index.php\/wp-json\/wp\/v2\/posts\/73076"}],"collection":[{"href":"https:\/\/diariodigitalmx.com\/index.php\/wp-json\/wp\/v2\/posts"}],"about":[{"href":"https:\/\/diariodigitalmx.com\/index.php\/wp-json\/wp\/v2\/types\/post"}],"author":[{"embeddable":true,"href":"https:\/\/diariodigitalmx.com\/index.php\/wp-json\/wp\/v2\/users\/1"}],"replies":[{"embeddable":true,"href":"https:\/\/diariodigitalmx.com\/index.php\/wp-json\/wp\/v2\/comments?post=73076"}],"version-history":[{"count":1,"href":"https:\/\/diariodigitalmx.com\/index.php\/wp-json\/wp\/v2\/posts\/73076\/revisions"}],"predecessor-version":[{"id":73077,"href":"https:\/\/diariodigitalmx.com\/index.php\/wp-json\/wp\/v2\/posts\/73076\/revisions\/73077"}],"wp:featuredmedia":[{"embeddable":true,"href":"https:\/\/diariodigitalmx.com\/index.php\/wp-json\/wp\/v2\/media\/72929"}],"wp:attachment":[{"href":"https:\/\/diariodigitalmx.com\/index.php\/wp-json\/wp\/v2\/media?parent=73076"}],"wp:term":[{"taxonomy":"category","embeddable":true,"href":"https:\/\/diariodigitalmx.com\/index.php\/wp-json\/wp\/v2\/categories?post=73076"},{"taxonomy":"post_tag","embeddable":true,"href":"https:\/\/diariodigitalmx.com\/index.php\/wp-json\/wp\/v2\/tags?post=73076"}],"curies":[{"name":"wp","href":"https:\/\/api.w.org\/{rel}","templated":true}]}}