{"id":73078,"date":"2022-03-18T07:30:20","date_gmt":"2022-03-18T13:30:20","guid":{"rendered":"http:\/\/diariodigitalmx.com\/?p=73078"},"modified":"2022-03-18T07:32:15","modified_gmt":"2022-03-18T13:32:15","slug":"sufre-latinoamerica-gobiernos-populistas-e-ineptos-ernesto-zedillo","status":"publish","type":"post","link":"https:\/\/diariodigitalmx.com\/index.php\/2022\/03\/18\/sufre-latinoamerica-gobiernos-populistas-e-ineptos-ernesto-zedillo\/","title":{"rendered":"Sufre Latinoam\u00e9rica gobiernos populistas e ineptos: Ernesto Zedillo"},"content":{"rendered":"\n<p>Miguel Ens\u00e1stigue | El Sol de M\u00e9xico&nbsp;<\/p>\n\n\n\n<p>La regi\u00f3n de Latinoam\u00e9rica sufre de gobernantes populistas e ineptos, los cuales en algunos casos han obstaculizado el crecimiento o desarrollo social y econ\u00f3mico, asegur\u00f3 el expresidente de M\u00e9xico, Ernesto Zedillo.<\/p>\n\n\n\n<p>\u201cEsperemos que la ola de gobernantes populistas e ineptos que est\u00e1n sufriendo un buen n\u00famero de pa\u00edses latinoamericanos sea seguida, gracias a la democracia que aunque da\u00f1ada a\u00fan tenemos, de liderazgos decididos y capaces de hacer lo necesario para que nuestras naciones se encaucen firmemente en el camino del desarrollo y la superaci\u00f3n de nuestros rezagos hist\u00f3ricos\u201d, coment\u00f3 el exmandatario.<\/p>\n\n\n\n<p>Al participar en el foro virtual \u201cPerspectivas econ\u00f3micas y el futuro de la tecnolog\u00eda en Latinoam\u00e9rica\u201d, organizado por la consultora NTT Data, Zedillo asegur\u00f3 que las brechas que \u201catoran\u201d el desarrollo, y que tambi\u00e9n empeoraron a causa del Covid-19, podr\u00e1n subsanarse con estrategias y pol\u00edticas debidamente consensuadas en las sociedades.<\/p>\n\n\n\n<p>Algunas de estas brechas, explic\u00f3, se presentaron en sectores como el de la educaci\u00f3n, salud, productividad, seguridad ciudadana e impartici\u00f3n de justicia. Sin embargo, resalt\u00f3 que aun cuando no todos los pa\u00edses contaban con las condiciones econ\u00f3micas adecuadas, lograron sortear la pandemia de buena manera.<\/p>\n\n\n\n<figure class=\"wp-block-image size-large\"><img loading=\"lazy\" decoding=\"async\" width=\"640\" height=\"360\" src=\"http:\/\/diariodigitalmx.com\/wp-content\/uploads\/2022\/03\/images-2-15.jpeg\" alt=\"\" class=\"wp-image-73081\" srcset=\"https:\/\/diariodigitalmx.com\/wp-content\/uploads\/2022\/03\/images-2-15.jpeg 640w, https:\/\/diariodigitalmx.com\/wp-content\/uploads\/2022\/03\/images-2-15-300x169.jpeg 300w\" sizes=\"(max-width: 640px) 100vw, 640px\" \/><\/figure>\n\n\n\n<p>\u201cEl desastre latinoamericano no se puede atribuir \u00fanicamente a las condiciones en las que la pandemia encontr\u00f3 el estado de nuestras econom\u00edas o sistemas de salud. Otros pa\u00edses con econom\u00edas m\u00e1s pobres y una infraestructura de salud m\u00e1s modesta han hecho un trabajo mucho mejor que nuestros gobiernos en la protecci\u00f3n del bienestar de sus poblaciones y econom\u00edas\u201d, apunt\u00f3 el expresidente.<\/p>\n\n\n\n<p>Durante su ponencia virtual, Zedillo record\u00f3 que, de acuerdo con el Fondo<\/p>\n\n\n\n<p>Monetario Internacional (FMI), Brasil destin\u00f3 poco m\u00e1s del ocho por ciento de su Producto Interno Bruto (PIB) al cuidado de la crisis sanitaria, mientras que M\u00e9xico apenas us\u00f3 menos del uno por ciento del PIB.<\/p>\n\n\n\n<p>\u201cNo fue entonces casualidad que en 2020 la econom\u00eda de Brasil se haya contra\u00eddo menos de la mitad de lo que ocurri\u00f3 con la de M\u00e9xico, 3.9 por ciento la brasile\u00f1a y 8.2 por ciento la mexicana\u201d, apunt\u00f3.<\/p>\n\n\n\n<p>El exmandatario tambi\u00e9n lament\u00f3 la decisi\u00f3n de algunas naciones de la regi\u00f3n de echar atr\u00e1s diversas reformas estructurales que fueron funcionales en el pasado, pues asegur\u00f3 que \u201cmucha falta har\u00e1n para favorecer el desarrollo de nuestros pa\u00edses\u201d.<\/p>\n\n\n\n<p>\u201cContrario a lo que proclaman gobernantes populistas, la causa del pobre desempe\u00f1o de las econom\u00edas latinoamericanas en a\u00f1os recientes no se encuentra en las reformas de fines del siglo XX y principios del siglo XXI. En realidad el problema con nuestros pa\u00edses no es que tuvieran reformas, el problema es que \u00e9stas nunca fueron los suficientemente completas en sus objetivos ni en su ejecuci\u00f3n\u201d, a\u00f1adi\u00f3.<\/p>\n","protected":false},"excerpt":{"rendered":"<p>Miguel Ens\u00e1stigue | El Sol de M\u00e9xico&nbsp; La regi\u00f3n de Latinoam\u00e9rica sufre de gobernantes populistas e ineptos, los cuales en algunos casos han obstaculizado el crecimiento o desarrollo social y econ\u00f3mico, asegur\u00f3 el expresidente de M\u00e9xico, Ernesto Zedillo. \u201cEsperemos que la ola de gobernantes populistas e ineptos que est\u00e1n sufriendo un buen n\u00famero de pa\u00edses [&hellip;]<\/p>\n","protected":false},"author":1,"featured_media":73080,"comment_status":"open","ping_status":"open","sticky":true,"template":"","format":"standard","meta":{"footnotes":""},"categories":[2,3],"tags":[],"_links":{"self":[{"href":"https:\/\/diariodigitalmx.com\/index.php\/wp-json\/wp\/v2\/posts\/73078"}],"collection":[{"href":"https:\/\/diariodigitalmx.com\/index.php\/wp-json\/wp\/v2\/posts"}],"about":[{"href":"https:\/\/diariodigitalmx.com\/index.php\/wp-json\/wp\/v2\/types\/post"}],"author":[{"embeddable":true,"href":"https:\/\/diariodigitalmx.com\/index.php\/wp-json\/wp\/v2\/users\/1"}],"replies":[{"embeddable":true,"href":"https:\/\/diariodigitalmx.com\/index.php\/wp-json\/wp\/v2\/comments?post=73078"}],"version-history":[{"count":2,"href":"https:\/\/diariodigitalmx.com\/index.php\/wp-json\/wp\/v2\/posts\/73078\/revisions"}],"predecessor-version":[{"id":73082,"href":"https:\/\/diariodigitalmx.com\/index.php\/wp-json\/wp\/v2\/posts\/73078\/revisions\/73082"}],"wp:featuredmedia":[{"embeddable":true,"href":"https:\/\/diariodigitalmx.com\/index.php\/wp-json\/wp\/v2\/media\/73080"}],"wp:attachment":[{"href":"https:\/\/diariodigitalmx.com\/index.php\/wp-json\/wp\/v2\/media?parent=73078"}],"wp:term":[{"taxonomy":"category","embeddable":true,"href":"https:\/\/diariodigitalmx.com\/index.php\/wp-json\/wp\/v2\/categories?post=73078"},{"taxonomy":"post_tag","embeddable":true,"href":"https:\/\/diariodigitalmx.com\/index.php\/wp-json\/wp\/v2\/tags?post=73078"}],"curies":[{"name":"wp","href":"https:\/\/api.w.org\/{rel}","templated":true}]}}