{"id":73083,"date":"2022-03-18T15:09:25","date_gmt":"2022-03-18T21:09:25","guid":{"rendered":"http:\/\/diariodigitalmx.com\/?p=73083"},"modified":"2022-03-18T15:10:17","modified_gmt":"2022-03-18T21:10:17","slug":"investiga-derechos-humanos-filtracion-de-fotografias-del-bronco-a-medios-y-redes","status":"publish","type":"post","link":"https:\/\/diariodigitalmx.com\/index.php\/2022\/03\/18\/investiga-derechos-humanos-filtracion-de-fotografias-del-bronco-a-medios-y-redes\/","title":{"rendered":"Investiga Derechos Humanos filtraci\u00f3n de fotograf\u00edas del Bronco a medios y redes"},"content":{"rendered":"\n<p>Monterrey &#8211;&nbsp; La Comisi\u00f3n Estatal de Derechos Humanos abri\u00f3 una carpeta de investigaci\u00f3n por la difusi\u00f3n de fotograf\u00edas del ex Gobernador Jaime Rodr\u00edguez, en el interior del Penal 2 de Apodaca, donde se encuentra detenido.&nbsp;<\/p>\n\n\n\n<p>Las fotograf\u00edas fueron difundidas en redes sociales y medios de comunicaci\u00f3n.&nbsp;<\/p>\n\n\n\n<p>Por ello, abri\u00f3 una queja de oficio y solicit\u00f3 informaci\u00f3n a la Agencia de Administraci\u00f3n Penitenciaria para salvaguardar la identidad de las personas al interior de los penales.<\/p>\n\n\n\n<p>Tras aperturar una queja de oficio, la CEDHNL emiti\u00f3 la solicitud de informaci\u00f3n CEDHNL\/DORQ\/2897\/2022, recibida la tarde del jueves por la autoridad penitenciaria.&nbsp;<\/p>\n\n\n\n<p>&nbsp;El documento fue dirigido al Comisario General de la Agencia de Administraci\u00f3n Penitenciaria, Jos\u00e9 Francisco Jim\u00e9nez G\u00f3mez, donde se establecen cinco puntos a responder sobre el personal encargado de tomar fotograf\u00edas al interior del Cereso.<\/p>\n\n\n\n<p>\u201cSe solicita emita un informe debidamente documentado de qu\u00e9 personal fue designado para recibir al imputado, qu\u00e9 servidor p\u00fablico se encarg\u00f3 de tomar impresiones fotogr\u00e1ficas del ingreso y estancia de agraviado en este Centro de Reinserci\u00f3n, qu\u00e9 control se tiene del material fotogr\u00e1fico que se genera al interior del Cereso en cita\u201d, menciona el documento.<\/p>\n\n\n\n<p>\u201cQu\u00e9 medidas se han tomado para salvaguardar la identidad del imputado y qu\u00e9 acciones se tomar\u00e1n a fin de que se garantice que no se vuelvan a filtrar im\u00e1genes que se han tomado dentro de las instalaciones de los Centro de Reinserci\u00f3n Social a su cargo, no solo del agraviado en cuesti\u00f3n, sino de todas las personas que se encuentran ah\u00ed privadas de su libertad\u201d.<\/p>\n\n\n\n<p>La CEDHNL, menciona tambi\u00e9n el escrito, est\u00e1 haciendo diligencias preliminares relativas al ingreso y estancia de la persona que fue expuesta mediante im\u00e1genes fotogr\u00e1ficas, en el Centro de Reinserci\u00f3n Social 2 de Apodaca.<\/p>\n\n\n\n<p>La autoridad estatal cuenta con un plazo de 5 d\u00edas h\u00e1biles para responder el documento se\u00f1alado.<\/p>\n","protected":false},"excerpt":{"rendered":"<p>Monterrey &#8211;&nbsp; La Comisi\u00f3n Estatal de Derechos Humanos abri\u00f3 una carpeta de investigaci\u00f3n por la difusi\u00f3n de fotograf\u00edas del ex Gobernador Jaime Rodr\u00edguez, en el interior del Penal 2 de Apodaca, donde se encuentra detenido.&nbsp; Las fotograf\u00edas fueron difundidas en redes sociales y medios de comunicaci\u00f3n.&nbsp; Por ello, abri\u00f3 una queja de oficio y solicit\u00f3 [&hellip;]<\/p>\n","protected":false},"author":1,"featured_media":73085,"comment_status":"open","ping_status":"open","sticky":false,"template":"","format":"standard","meta":{"footnotes":""},"categories":[6,5],"tags":[],"_links":{"self":[{"href":"https:\/\/diariodigitalmx.com\/index.php\/wp-json\/wp\/v2\/posts\/73083"}],"collection":[{"href":"https:\/\/diariodigitalmx.com\/index.php\/wp-json\/wp\/v2\/posts"}],"about":[{"href":"https:\/\/diariodigitalmx.com\/index.php\/wp-json\/wp\/v2\/types\/post"}],"author":[{"embeddable":true,"href":"https:\/\/diariodigitalmx.com\/index.php\/wp-json\/wp\/v2\/users\/1"}],"replies":[{"embeddable":true,"href":"https:\/\/diariodigitalmx.com\/index.php\/wp-json\/wp\/v2\/comments?post=73083"}],"version-history":[{"count":1,"href":"https:\/\/diariodigitalmx.com\/index.php\/wp-json\/wp\/v2\/posts\/73083\/revisions"}],"predecessor-version":[{"id":73084,"href":"https:\/\/diariodigitalmx.com\/index.php\/wp-json\/wp\/v2\/posts\/73083\/revisions\/73084"}],"wp:featuredmedia":[{"embeddable":true,"href":"https:\/\/diariodigitalmx.com\/index.php\/wp-json\/wp\/v2\/media\/73085"}],"wp:attachment":[{"href":"https:\/\/diariodigitalmx.com\/index.php\/wp-json\/wp\/v2\/media?parent=73083"}],"wp:term":[{"taxonomy":"category","embeddable":true,"href":"https:\/\/diariodigitalmx.com\/index.php\/wp-json\/wp\/v2\/categories?post=73083"},{"taxonomy":"post_tag","embeddable":true,"href":"https:\/\/diariodigitalmx.com\/index.php\/wp-json\/wp\/v2\/tags?post=73083"}],"curies":[{"name":"wp","href":"https:\/\/api.w.org\/{rel}","templated":true}]}}