{"id":73089,"date":"2022-03-18T20:05:59","date_gmt":"2022-03-19T02:05:59","guid":{"rendered":"http:\/\/diariodigitalmx.com\/?p=73089"},"modified":"2022-03-18T20:06:32","modified_gmt":"2022-03-19T02:06:32","slug":"denuncia-americo-guerra-sucia-presentara-querella-contra-responsables","status":"publish","type":"post","link":"https:\/\/diariodigitalmx.com\/index.php\/2022\/03\/18\/denuncia-americo-guerra-sucia-presentara-querella-contra-responsables\/","title":{"rendered":"Denuncia Am\u00e9rico guerra sucia; presentar\u00e1 querella contra responsables"},"content":{"rendered":"\n<p><\/p>\n\n\n\n<p>Ciudad Victoria, Tam.-Ante los ataques y guerra sucia a trav\u00e9s de videos que circulan en redes sociales, que ponen en riesgo su seguridad, la de su familia y de los tamaulipecos, el doctor Am\u00e9rico Villarreal Anaya, anunci\u00f3 que presentar\u00e1 una denuncia<br>ante la autoridad federal, contra quien resulte responsable.<br>El senador con licencia y precandidato de Morena a la gubernatura, denunci\u00f3 a trav\u00e9s de un video que difundi\u00f3 en sus cuentas de redes sociales, que la guerra sucia en su contra ha iniciado por parte de sus adversarios.<br>\u201cYa sabemos cu\u00e1l es su estrategia, cada vez que crecemos y que recibimos m\u00e1s respaldo, m\u00e1s nos atacan; pero no van a impedir que Tamaulipas se transforme\u2026 Ya los conocemos, nosotros sabemos c\u00f3mo act\u00faan, y a los tamaulipecos no nos van a volver a enga\u00f1ar\u201d, expres\u00f3 en\u00e9rgico el doctor Villarreal Anaya.<br>En las \u00faltimas horas han circulado en las redes sociales, falsos videos y agresivos que contienen informaci\u00f3n tendenciosa. Ante ello el precandidato e Morena, afirm\u00f3:<br>\u201cUstedes me conocen, conocen a mi familia y lo que hemos construido en este Estado\u201d.<br>Villarreal Anaya destaca en su publicaci\u00f3n que no se quedar\u00e1 con los brazos cruzados y que ha decidido presentar una denuncia formal ante las autoridades federales, por la difusi\u00f3n de este tipo de materiales, que denigran y bajan la competencia pol\u00edtica.<br>\u201cEstoy presentando una denuncia ante las autoridades federales porque quienes le hacen da\u00f1o a Tamaulipas, \u00a1van pagar por sus hechos!\u201d.<br>Villarreal Anaya se\u00f1al\u00f3 que estas acciones desesperadas, \u201cmienten, traicionan y roban a Tamaulipas. Contrario al cambio que representa la verdad, la honestidad y la justicia que est\u00e1 por llegar\u201d, finaliz\u00f3.<\/p>\n","protected":false},"excerpt":{"rendered":"<p>Ciudad Victoria, Tam.-Ante los ataques y guerra sucia a trav\u00e9s de videos que circulan en redes sociales, que ponen en riesgo su seguridad, la de su familia y de los tamaulipecos, el doctor Am\u00e9rico Villarreal Anaya, anunci\u00f3 que presentar\u00e1 una denunciaante la autoridad federal, contra quien resulte responsable.El senador con licencia y precandidato de Morena [&hellip;]<\/p>\n","protected":false},"author":1,"featured_media":73091,"comment_status":"open","ping_status":"open","sticky":true,"template":"","format":"standard","meta":{"footnotes":""},"categories":[3,19],"tags":[],"_links":{"self":[{"href":"https:\/\/diariodigitalmx.com\/index.php\/wp-json\/wp\/v2\/posts\/73089"}],"collection":[{"href":"https:\/\/diariodigitalmx.com\/index.php\/wp-json\/wp\/v2\/posts"}],"about":[{"href":"https:\/\/diariodigitalmx.com\/index.php\/wp-json\/wp\/v2\/types\/post"}],"author":[{"embeddable":true,"href":"https:\/\/diariodigitalmx.com\/index.php\/wp-json\/wp\/v2\/users\/1"}],"replies":[{"embeddable":true,"href":"https:\/\/diariodigitalmx.com\/index.php\/wp-json\/wp\/v2\/comments?post=73089"}],"version-history":[{"count":1,"href":"https:\/\/diariodigitalmx.com\/index.php\/wp-json\/wp\/v2\/posts\/73089\/revisions"}],"predecessor-version":[{"id":73090,"href":"https:\/\/diariodigitalmx.com\/index.php\/wp-json\/wp\/v2\/posts\/73089\/revisions\/73090"}],"wp:featuredmedia":[{"embeddable":true,"href":"https:\/\/diariodigitalmx.com\/index.php\/wp-json\/wp\/v2\/media\/73091"}],"wp:attachment":[{"href":"https:\/\/diariodigitalmx.com\/index.php\/wp-json\/wp\/v2\/media?parent=73089"}],"wp:term":[{"taxonomy":"category","embeddable":true,"href":"https:\/\/diariodigitalmx.com\/index.php\/wp-json\/wp\/v2\/categories?post=73089"},{"taxonomy":"post_tag","embeddable":true,"href":"https:\/\/diariodigitalmx.com\/index.php\/wp-json\/wp\/v2\/tags?post=73089"}],"curies":[{"name":"wp","href":"https:\/\/api.w.org\/{rel}","templated":true}]}}