{"id":73092,"date":"2022-03-18T23:24:18","date_gmt":"2022-03-19T05:24:18","guid":{"rendered":"http:\/\/diariodigitalmx.com\/?p=73092"},"modified":"2022-03-18T23:24:45","modified_gmt":"2022-03-19T05:24:45","slug":"va-caso-del-bronco-a-autoridad-federal","status":"publish","type":"post","link":"https:\/\/diariodigitalmx.com\/index.php\/2022\/03\/18\/va-caso-del-bronco-a-autoridad-federal\/","title":{"rendered":"Va caso del Bronco a autoridad Federal"},"content":{"rendered":"\n<p>Monterrey &#8211;&nbsp; La carpeta de investigaci\u00f3n del Bronco fue turnada a jueces federales este viernes al anochecer.&nbsp;<\/p>\n\n\n\n<p>La notificaci\u00f3n del caso fue entregada en el Centro de Justicia Penal Federal de Cadereyta, para que la carpeta sea asignada a un juez de distrito penal en Nuevo Le\u00f3n.<\/p>\n\n\n\n<p>Fue el \u00e1rea de gesti\u00f3n judicial penal del Poder Judicial de Nuevo Le\u00f3n quien turn\u00f3 esta noche la carpeta de investigaci\u00f3n del ex Gobernador Jaime Rodr\u00edguez Calder\u00f3n.&nbsp;<\/p>\n\n\n\n<p>Por tratarse de un caso de relevancia, podr\u00eda turnar\u00e1 a un juez el fin de semana,pues con el asueto del 21 de marzo podr\u00eda demorar d\u00edas.&nbsp;<\/p>\n\n\n\n<p>Un Juez de Control penal de estatal vincul\u00f3 a proceso a Rodr\u00edguez Calder\u00f3n y determin\u00f3 que siga&nbsp; prisi\u00f3n preventiva, sin embargo, posteriormente&nbsp; admiti\u00f3 que era incompetente para llevar el caso.&nbsp;<\/p>\n\n\n\n<p>El ex Gobernador que fue detenido el martes, es acusado de desviar recursos y fondos del erario p\u00fablico para movilizar a m\u00e1s de 500 bur\u00f3cratas estatales que buscaron firmas para que contendiera por la presidencia de la Rep\u00fablica.&nbsp;<\/p>\n\n\n\n<p>La noche del jueves el ex secretario de Salud estatal, Manuel de la O Cavazos, acompa\u00f1ado de otro m\u00e9dico acudi\u00f3 a revisar al Bronco en el Cereso 2 de Apodaca, pues present\u00f3 problemas de salud, que posteriormente dijeron fue por problemas digestivos.&nbsp;<\/p>\n\n\n\n<p>La noche del viernes, Carlos Elizondo, m\u00e9dico de un hospital privado llev\u00f3 medicamentos al ex gobernador, pero no le permitieron la entrada por no ser horario de visita.&nbsp;<\/p>\n","protected":false},"excerpt":{"rendered":"<p>Monterrey &#8211;&nbsp; La carpeta de investigaci\u00f3n del Bronco fue turnada a jueces federales este viernes al anochecer.&nbsp; La notificaci\u00f3n del caso fue entregada en el Centro de Justicia Penal Federal de Cadereyta, para que la carpeta sea asignada a un juez de distrito penal en Nuevo Le\u00f3n. Fue el \u00e1rea de gesti\u00f3n judicial penal del [&hellip;]<\/p>\n","protected":false},"author":1,"featured_media":73006,"comment_status":"open","ping_status":"open","sticky":true,"template":"","format":"standard","meta":{"footnotes":""},"categories":[6,3],"tags":[],"_links":{"self":[{"href":"https:\/\/diariodigitalmx.com\/index.php\/wp-json\/wp\/v2\/posts\/73092"}],"collection":[{"href":"https:\/\/diariodigitalmx.com\/index.php\/wp-json\/wp\/v2\/posts"}],"about":[{"href":"https:\/\/diariodigitalmx.com\/index.php\/wp-json\/wp\/v2\/types\/post"}],"author":[{"embeddable":true,"href":"https:\/\/diariodigitalmx.com\/index.php\/wp-json\/wp\/v2\/users\/1"}],"replies":[{"embeddable":true,"href":"https:\/\/diariodigitalmx.com\/index.php\/wp-json\/wp\/v2\/comments?post=73092"}],"version-history":[{"count":1,"href":"https:\/\/diariodigitalmx.com\/index.php\/wp-json\/wp\/v2\/posts\/73092\/revisions"}],"predecessor-version":[{"id":73093,"href":"https:\/\/diariodigitalmx.com\/index.php\/wp-json\/wp\/v2\/posts\/73092\/revisions\/73093"}],"wp:featuredmedia":[{"embeddable":true,"href":"https:\/\/diariodigitalmx.com\/index.php\/wp-json\/wp\/v2\/media\/73006"}],"wp:attachment":[{"href":"https:\/\/diariodigitalmx.com\/index.php\/wp-json\/wp\/v2\/media?parent=73092"}],"wp:term":[{"taxonomy":"category","embeddable":true,"href":"https:\/\/diariodigitalmx.com\/index.php\/wp-json\/wp\/v2\/categories?post=73092"},{"taxonomy":"post_tag","embeddable":true,"href":"https:\/\/diariodigitalmx.com\/index.php\/wp-json\/wp\/v2\/tags?post=73092"}],"curies":[{"name":"wp","href":"https:\/\/api.w.org\/{rel}","templated":true}]}}