{"id":73094,"date":"2022-03-19T00:43:12","date_gmt":"2022-03-19T06:43:12","guid":{"rendered":"http:\/\/diariodigitalmx.com\/?p=73094"},"modified":"2022-03-19T00:43:51","modified_gmt":"2022-03-19T06:43:51","slug":"fortalecida-relacion-americo-amlo","status":"publish","type":"post","link":"https:\/\/diariodigitalmx.com\/index.php\/2022\/03\/19\/fortalecida-relacion-americo-amlo\/","title":{"rendered":"Fortalecida relaci\u00f3n Am\u00e9rico &#8211; AMLO"},"content":{"rendered":"\n<p>Por Rogelio&nbsp; Romero<\/p>\n\n\n\n<p>A pesar de la guerra sucia&nbsp; que enfrenta el precandidato morenista a la gubernatura de Tamaulipas, Am\u00e9rico Villarreal Anaya, su postulaci\u00f3n y ratificaci\u00f3n se mantiene&nbsp; firme se\u00f1alaron a este columnista los mandos de la dirigencia estatal del partido guinda.<\/p>\n\n\n\n<p>A su&nbsp; vez se\u00f1alan que la relaci\u00f3n pol\u00edtica y de&nbsp; Villarreal Anaya con el presidente&nbsp; Andr\u00e9s Manuel L\u00f3pez Obrador es s\u00f3lida, echando por&nbsp; tierra los rumores y afirmaciones de un supuesto \u201cpacto\u201d para que los morenos pierdan la elecci\u00f3n.<\/p>\n\n\n\n<p>La dirigencia morenista piensa que cada d\u00eda que pasa se nota m\u00e1s la desesperaci\u00f3n de la administraci\u00f3n panista en turno al ver que el candidato de su partido no levanta, las \u00faltimas 2 encuestas nacionales dadas&nbsp; conocer (El Financiero y Universal) lo ubicaban a bastante distancia del candidato guinda.<\/p>\n\n\n\n<p>Los morenos est\u00e1n confiados en que ni el \u201cclientelismo pol\u00edtico\u201d le funcionara al PAN y sus aliados en esta ocasi\u00f3n en Tamaulipas, simplemente porque dicen han palpado la inconformidad de la gente por la enorme desatenci\u00f3n de la actual administraci\u00f3n a los principales problemas que enfrenta la entidad como lo son la inseguridad p\u00fablica, desempleo, presunta corrupci\u00f3n y la ausencia de verdaderas obras materiales de beneficio colectivo.<\/p>\n\n\n\n<p>Sobre lo ordenado por el TEPJF la dirigencia guinda espera que se resuelva antes del registro formal de Am\u00e9rico como candidato el pr\u00f3ximo 27 de marzo.<\/p>\n\n\n\n<p>Si esto sucede el arranque formal de su candidatura&nbsp; por la gubernatura ser\u00e1 el pr\u00f3ximo 3 de abril, en Ciudad Victoria para despu\u00e9s continuar el 5 de abril en Nuevo Laredo.<\/p>\n","protected":false},"excerpt":{"rendered":"<p>Por Rogelio&nbsp; Romero A pesar de la guerra sucia&nbsp; que enfrenta el precandidato morenista a la gubernatura de Tamaulipas, Am\u00e9rico Villarreal Anaya, su postulaci\u00f3n y ratificaci\u00f3n se mantiene&nbsp; firme se\u00f1alaron a este columnista los mandos de la dirigencia estatal del partido guinda. A su&nbsp; vez se\u00f1alan que la relaci\u00f3n pol\u00edtica y de&nbsp; Villarreal Anaya con [&hellip;]<\/p>\n","protected":false},"author":1,"featured_media":73096,"comment_status":"open","ping_status":"open","sticky":true,"template":"","format":"standard","meta":{"footnotes":""},"categories":[12,5],"tags":[],"_links":{"self":[{"href":"https:\/\/diariodigitalmx.com\/index.php\/wp-json\/wp\/v2\/posts\/73094"}],"collection":[{"href":"https:\/\/diariodigitalmx.com\/index.php\/wp-json\/wp\/v2\/posts"}],"about":[{"href":"https:\/\/diariodigitalmx.com\/index.php\/wp-json\/wp\/v2\/types\/post"}],"author":[{"embeddable":true,"href":"https:\/\/diariodigitalmx.com\/index.php\/wp-json\/wp\/v2\/users\/1"}],"replies":[{"embeddable":true,"href":"https:\/\/diariodigitalmx.com\/index.php\/wp-json\/wp\/v2\/comments?post=73094"}],"version-history":[{"count":1,"href":"https:\/\/diariodigitalmx.com\/index.php\/wp-json\/wp\/v2\/posts\/73094\/revisions"}],"predecessor-version":[{"id":73095,"href":"https:\/\/diariodigitalmx.com\/index.php\/wp-json\/wp\/v2\/posts\/73094\/revisions\/73095"}],"wp:featuredmedia":[{"embeddable":true,"href":"https:\/\/diariodigitalmx.com\/index.php\/wp-json\/wp\/v2\/media\/73096"}],"wp:attachment":[{"href":"https:\/\/diariodigitalmx.com\/index.php\/wp-json\/wp\/v2\/media?parent=73094"}],"wp:term":[{"taxonomy":"category","embeddable":true,"href":"https:\/\/diariodigitalmx.com\/index.php\/wp-json\/wp\/v2\/categories?post=73094"},{"taxonomy":"post_tag","embeddable":true,"href":"https:\/\/diariodigitalmx.com\/index.php\/wp-json\/wp\/v2\/tags?post=73094"}],"curies":[{"name":"wp","href":"https:\/\/api.w.org\/{rel}","templated":true}]}}