{"id":73112,"date":"2022-03-19T18:17:26","date_gmt":"2022-03-20T00:17:26","guid":{"rendered":"http:\/\/diariodigitalmx.com\/?p=73112"},"modified":"2022-03-19T18:22:15","modified_gmt":"2022-03-20T00:22:15","slug":"en-escobedo-se-regeneran-los-espacios-publicos-y-se-fomenta-el-cuidado-del-medio-ambiente","status":"publish","type":"post","link":"https:\/\/diariodigitalmx.com\/index.php\/2022\/03\/19\/en-escobedo-se-regeneran-los-espacios-publicos-y-se-fomenta-el-cuidado-del-medio-ambiente\/","title":{"rendered":"En Escobedo se regeneran los espacios p\u00fablicos y se fomenta el cuidado del medio ambiente"},"content":{"rendered":"\n<figure class=\"wp-block-video\"><video controls src=\"http:\/\/diariodigitalmx.com\/wp-content\/uploads\/2022\/03\/INSTALACION-DE-COMITE-ECOLOGICO-COL-SAN-MARCOS-MEDIOS-ASPECTOS.mp4\"><\/video><\/figure>\n\n\n\n<p><\/p>\n\n\n\n<p>En sincron\u00eda con la regeneraci\u00f3n de espacios p\u00fablicos, el Municipio de Escobedo intensific\u00f3 los trabajos de concientizaci\u00f3n sobre el cuidado del agua y medio ambiente, por medio de murales, mensajes en bardas y comit\u00e9s vecinales.<\/p>\n\n\n\n<p>Fue en la zona de San Marcos donde la Administraci\u00f3n retir\u00f3 toneladas de basura de las calles, rehabilit\u00f3 una plaza, un camell\u00f3n y plant\u00f3 40 \u00e1rboles.<\/p>\n\n\n\n<figure class=\"wp-block-image size-large\"><img loading=\"lazy\" decoding=\"async\" width=\"1024\" height=\"683\" src=\"http:\/\/diariodigitalmx.com\/wp-content\/uploads\/2022\/03\/IMG_5606-1024x683.jpg\" alt=\"\" class=\"wp-image-73115\" srcset=\"https:\/\/diariodigitalmx.com\/wp-content\/uploads\/2022\/03\/IMG_5606-1024x683.jpg 1024w, https:\/\/diariodigitalmx.com\/wp-content\/uploads\/2022\/03\/IMG_5606-300x200.jpg 300w, https:\/\/diariodigitalmx.com\/wp-content\/uploads\/2022\/03\/IMG_5606-768x512.jpg 768w, https:\/\/diariodigitalmx.com\/wp-content\/uploads\/2022\/03\/IMG_5606-1536x1024.jpg 1536w, https:\/\/diariodigitalmx.com\/wp-content\/uploads\/2022\/03\/IMG_5606-2048x1365.jpg 2048w\" sizes=\"(max-width: 1024px) 100vw, 1024px\" \/><\/figure>\n\n\n\n<p>Adem\u00e1s, ante la falta de agua generalizada en el Estado, en las paredes que rodean la plaza de la calle Mario Quintanilla y sobre la calle Fray Bernardo se pintaron un mural y frases sobre el cuidado del medio ambiente y del vital l\u00edquido.<\/p>\n\n\n\n<p>Para promover la participaci\u00f3n de la comunidad, se form\u00f3 un comit\u00e9 vecinal, con habitantes de sectores como San Marcos, La Unidad y Portal del Fraile.<\/p>\n\n\n\n<figure class=\"wp-block-image size-large\"><img loading=\"lazy\" decoding=\"async\" width=\"1024\" height=\"683\" src=\"http:\/\/diariodigitalmx.com\/wp-content\/uploads\/2022\/03\/IMG_5930-1024x683.jpg\" alt=\"\" class=\"wp-image-73118\" srcset=\"https:\/\/diariodigitalmx.com\/wp-content\/uploads\/2022\/03\/IMG_5930-1024x683.jpg 1024w, https:\/\/diariodigitalmx.com\/wp-content\/uploads\/2022\/03\/IMG_5930-300x200.jpg 300w, https:\/\/diariodigitalmx.com\/wp-content\/uploads\/2022\/03\/IMG_5930-768x512.jpg 768w, https:\/\/diariodigitalmx.com\/wp-content\/uploads\/2022\/03\/IMG_5930-1536x1024.jpg 1536w, https:\/\/diariodigitalmx.com\/wp-content\/uploads\/2022\/03\/IMG_5930-2048x1365.jpg 2048w\" sizes=\"(max-width: 1024px) 100vw, 1024px\" \/><\/figure>\n\n\n\n<p>Este, en equipo con el Municipio, se encargar\u00e1 de proteger su entorno, para evitar que arrojen desechos en la v\u00eda p\u00fablica o vandalicen la plaza y las bardas.<\/p>\n\n\n\n<p>Los comit\u00e9s se replicar\u00e1n en las colonias que presentan problem\u00e1ticas similares a las de San Marcos.<\/p>\n\n\n\n<figure class=\"wp-block-image size-large\"><img loading=\"lazy\" decoding=\"async\" width=\"1024\" height=\"683\" src=\"http:\/\/diariodigitalmx.com\/wp-content\/uploads\/2022\/03\/IMG_5647-1024x683.jpg\" alt=\"\" class=\"wp-image-73120\" srcset=\"https:\/\/diariodigitalmx.com\/wp-content\/uploads\/2022\/03\/IMG_5647-1024x683.jpg 1024w, https:\/\/diariodigitalmx.com\/wp-content\/uploads\/2022\/03\/IMG_5647-300x200.jpg 300w, https:\/\/diariodigitalmx.com\/wp-content\/uploads\/2022\/03\/IMG_5647-768x512.jpg 768w, https:\/\/diariodigitalmx.com\/wp-content\/uploads\/2022\/03\/IMG_5647-1536x1024.jpg 1536w, https:\/\/diariodigitalmx.com\/wp-content\/uploads\/2022\/03\/IMG_5647-2048x1365.jpg 2048w\" sizes=\"(max-width: 1024px) 100vw, 1024px\" \/><\/figure>\n\n\n\n<p>Durante el evento, se compartieron recomendaciones sobre c\u00f3mo ahorrar agua.<\/p>\n\n\n\n<figure class=\"wp-block-image size-large\"><img loading=\"lazy\" decoding=\"async\" width=\"683\" height=\"1024\" src=\"http:\/\/diariodigitalmx.com\/wp-content\/uploads\/2022\/03\/IMG_5601-683x1024.jpg\" alt=\"\" class=\"wp-image-73123\" srcset=\"https:\/\/diariodigitalmx.com\/wp-content\/uploads\/2022\/03\/IMG_5601-683x1024.jpg 683w, https:\/\/diariodigitalmx.com\/wp-content\/uploads\/2022\/03\/IMG_5601-200x300.jpg 200w, https:\/\/diariodigitalmx.com\/wp-content\/uploads\/2022\/03\/IMG_5601-768x1152.jpg 768w, https:\/\/diariodigitalmx.com\/wp-content\/uploads\/2022\/03\/IMG_5601-1024x1536.jpg 1024w, https:\/\/diariodigitalmx.com\/wp-content\/uploads\/2022\/03\/IMG_5601-1365x2048.jpg 1365w, https:\/\/diariodigitalmx.com\/wp-content\/uploads\/2022\/03\/IMG_5601-scaled.jpg 1707w\" sizes=\"(max-width: 683px) 100vw, 683px\" \/><\/figure>\n\n\n\n<p>Como acto simb\u00f3lico, se regaron los \u00e1rboles reci\u00e9n instalados con agua \u201creciclada\u201d, acumulada por vecinos en actividades como juntar el l\u00edquido que arroja la lavadora, tras lavar con detergentes amigables con el medio ambiente.<\/p>\n","protected":false},"excerpt":{"rendered":"<p>En sincron\u00eda con la regeneraci\u00f3n de espacios p\u00fablicos, el Municipio de Escobedo intensific\u00f3 los trabajos de concientizaci\u00f3n sobre el cuidado del agua y medio ambiente, por medio de murales, mensajes en bardas y comit\u00e9s vecinales. Fue en la zona de San Marcos donde la Administraci\u00f3n retir\u00f3 toneladas de basura de las calles, rehabilit\u00f3 una plaza, [&hellip;]<\/p>\n","protected":false},"author":1,"featured_media":73114,"comment_status":"open","ping_status":"open","sticky":true,"template":"","format":"standard","meta":{"footnotes":""},"categories":[6,5],"tags":[],"_links":{"self":[{"href":"https:\/\/diariodigitalmx.com\/index.php\/wp-json\/wp\/v2\/posts\/73112"}],"collection":[{"href":"https:\/\/diariodigitalmx.com\/index.php\/wp-json\/wp\/v2\/posts"}],"about":[{"href":"https:\/\/diariodigitalmx.com\/index.php\/wp-json\/wp\/v2\/types\/post"}],"author":[{"embeddable":true,"href":"https:\/\/diariodigitalmx.com\/index.php\/wp-json\/wp\/v2\/users\/1"}],"replies":[{"embeddable":true,"href":"https:\/\/diariodigitalmx.com\/index.php\/wp-json\/wp\/v2\/comments?post=73112"}],"version-history":[{"count":6,"href":"https:\/\/diariodigitalmx.com\/index.php\/wp-json\/wp\/v2\/posts\/73112\/revisions"}],"predecessor-version":[{"id":73127,"href":"https:\/\/diariodigitalmx.com\/index.php\/wp-json\/wp\/v2\/posts\/73112\/revisions\/73127"}],"wp:featuredmedia":[{"embeddable":true,"href":"https:\/\/diariodigitalmx.com\/index.php\/wp-json\/wp\/v2\/media\/73114"}],"wp:attachment":[{"href":"https:\/\/diariodigitalmx.com\/index.php\/wp-json\/wp\/v2\/media?parent=73112"}],"wp:term":[{"taxonomy":"category","embeddable":true,"href":"https:\/\/diariodigitalmx.com\/index.php\/wp-json\/wp\/v2\/categories?post=73112"},{"taxonomy":"post_tag","embeddable":true,"href":"https:\/\/diariodigitalmx.com\/index.php\/wp-json\/wp\/v2\/tags?post=73112"}],"curies":[{"name":"wp","href":"https:\/\/api.w.org\/{rel}","templated":true}]}}