{"id":73128,"date":"2022-03-19T18:32:10","date_gmt":"2022-03-20T00:32:10","guid":{"rendered":"http:\/\/diariodigitalmx.com\/?p=73128"},"modified":"2022-03-19T18:33:45","modified_gmt":"2022-03-20T00:33:45","slug":"ahora-van-contra-el-bronco-por-la-ecovia","status":"publish","type":"post","link":"https:\/\/diariodigitalmx.com\/index.php\/2022\/03\/19\/ahora-van-contra-el-bronco-por-la-ecovia\/","title":{"rendered":"Ahora van contra El Bronco, por la Ecov\u00eda"},"content":{"rendered":"\n<p>Walter&nbsp;Elizondo <\/p>\n\n\n\n<p>Monterrey &#8211; Jaime Rodr\u00edguez Calder\u00f3n enfrentar\u00e1 a la autoridad en una nueva audiencia por el delito de abuso de autoridad, relacionado con la requisa de la Ecov\u00eda, un sistema de transporte local.&nbsp;<\/p>\n\n\n\n<p>La cita es el 8 de abril para la formulaci\u00f3n de la imputaci\u00f3n que tratar\u00e1 de hacerle la Fiscal\u00eda Anticorrupci\u00f3n, dijo el abogado Gabriel Garc\u00eda, de la defensa del Bronco.&nbsp;<\/p>\n\n\n\n<p>El defensor rechaz\u00f3 dar mayores informes por el sigilo de la investigaci\u00f3n, pero s\u00ed recalc\u00f3 que es carpeta de la Fiscal\u00eda Anticorrupci\u00f3n.&nbsp;<\/p>\n\n\n\n<p>Durante su administraci\u00f3n, Jaime Rodr\u00edguez Calder\u00f3n requis\u00f3 el sistema de transporte Ecov\u00eda, que consta de un servicio lineal de 30. Kil\u00f3metros y 40 estaciones con unos 80 autobuses.&nbsp;<\/p>\n\n\n\n<p>Ahora la Fiscal\u00eda argumenta el delito de abuso de autoridad, en presunta violaci\u00f3n a la Ley de Transporte para la Movilidad, y en qaue podr\u00edan estar involucrados otros funcionarios estatales.&nbsp;<\/p>\n\n\n\n<p>Al parecer, con la requisa se afecto a la empresa Servicio de Transporte Tecno Ecol\u00f3gico, que ten\u00eda la concesi\u00f3n.<\/p>\n\n\n\n<p>El abogado defensor refiri\u00f3 al cateo de las propiedades del ex gobernador y coment\u00f3 que no sab\u00eda y que al acudir al penal le dijeron. &#8220;Me informaron que estaban realizando unas diligencias o ejecut\u00e1ndose unas \u00f3rdenes de cateos en diversos domicilios, pero desconozco el motivo, desconozco la raz\u00f3n&#8221;.<\/p>\n\n\n\n<p>Adem\u00e1s le inform\u00f3 del caso al ex gobernador, el cual dice, est\u00e1 bien y tranquilo, pues al final del d\u00eda son actos de investigaci\u00f3n que la autoridad realiza, y por ende hay que ser respetuosos.&nbsp;<\/p>\n\n\n\n<p>Por otro lado, La Fiscal\u00eda General de Justicia neg\u00f3 haber encontrado armas y dinero durante el cateo a la casa del ex Gobernador Jaime Rodr\u00edguez, en el municipio de&nbsp; Garc\u00eda, como se manifest\u00f3 en rumores que circularon aqu\u00ed.<\/p>\n\n\n\n<p>&#8220;En t\u00e9rminos generales, la diligencia practicada en el Municipio de Garc\u00eda no ha revelado alg\u00fan hallazgo relevante conforme a lo detallado en la mencionada denuncia, sin embargo, la carpeta de investigaci\u00f3n contin\u00faa abierta&#8221;, explica en comunicado la Fiscal\u00eda.<\/p>\n\n\n\n<p>&#8220;Se reitera que los detalles precisos de la investigaci\u00f3n ser\u00e1n mantenidos en reserva, conforme el principio de presunci\u00f3n de inocencia y la oportunidad de que el investigado pueda obtener una defensa apropiada conforme sus derechos constitucionales&#8221;.<\/p>\n\n\n\n<p>&#8220;La Fiscal\u00eda General de Justicia del Estado de Nuevo Le\u00f3n informa a la comunidad que, derivado de una denuncia presentada por la Unidad de Inteligencia Financiera Estatal se han solicitado \u00f3rdenes de cateo a un Juez de Control&#8221;, a\u00f1ade el comunicado.<\/p>\n\n\n\n<p>&#8220;Las cuales fueron concedidas y se han ejecutado inicialmente en una propiedad ubicada en el municipio de Garc\u00eda, perteneciente al ciudadano Jaime Heliodoro &#8220;N&#8221;, con la intenci\u00f3n de ubicar pruebas o indicios sobre recursos de procedencia il\u00edcita, conforme a los hechos referidos&#8221;.<\/p>\n","protected":false},"excerpt":{"rendered":"<p>Walter&nbsp;Elizondo Monterrey &#8211; Jaime Rodr\u00edguez Calder\u00f3n enfrentar\u00e1 a la autoridad en una nueva audiencia por el delito de abuso de autoridad, relacionado con la requisa de la Ecov\u00eda, un sistema de transporte local.&nbsp; La cita es el 8 de abril para la formulaci\u00f3n de la imputaci\u00f3n que tratar\u00e1 de hacerle la Fiscal\u00eda Anticorrupci\u00f3n, dijo el [&hellip;]<\/p>\n","protected":false},"author":1,"featured_media":73130,"comment_status":"open","ping_status":"open","sticky":true,"template":"","format":"standard","meta":{"footnotes":""},"categories":[6,3],"tags":[],"_links":{"self":[{"href":"https:\/\/diariodigitalmx.com\/index.php\/wp-json\/wp\/v2\/posts\/73128"}],"collection":[{"href":"https:\/\/diariodigitalmx.com\/index.php\/wp-json\/wp\/v2\/posts"}],"about":[{"href":"https:\/\/diariodigitalmx.com\/index.php\/wp-json\/wp\/v2\/types\/post"}],"author":[{"embeddable":true,"href":"https:\/\/diariodigitalmx.com\/index.php\/wp-json\/wp\/v2\/users\/1"}],"replies":[{"embeddable":true,"href":"https:\/\/diariodigitalmx.com\/index.php\/wp-json\/wp\/v2\/comments?post=73128"}],"version-history":[{"count":2,"href":"https:\/\/diariodigitalmx.com\/index.php\/wp-json\/wp\/v2\/posts\/73128\/revisions"}],"predecessor-version":[{"id":73131,"href":"https:\/\/diariodigitalmx.com\/index.php\/wp-json\/wp\/v2\/posts\/73128\/revisions\/73131"}],"wp:featuredmedia":[{"embeddable":true,"href":"https:\/\/diariodigitalmx.com\/index.php\/wp-json\/wp\/v2\/media\/73130"}],"wp:attachment":[{"href":"https:\/\/diariodigitalmx.com\/index.php\/wp-json\/wp\/v2\/media?parent=73128"}],"wp:term":[{"taxonomy":"category","embeddable":true,"href":"https:\/\/diariodigitalmx.com\/index.php\/wp-json\/wp\/v2\/categories?post=73128"},{"taxonomy":"post_tag","embeddable":true,"href":"https:\/\/diariodigitalmx.com\/index.php\/wp-json\/wp\/v2\/tags?post=73128"}],"curies":[{"name":"wp","href":"https:\/\/api.w.org\/{rel}","templated":true}]}}