{"id":73132,"date":"2022-03-21T07:59:06","date_gmt":"2022-03-21T13:59:06","guid":{"rendered":"http:\/\/diariodigitalmx.com\/?p=73132"},"modified":"2022-03-21T07:59:40","modified_gmt":"2022-03-21T13:59:40","slug":"los-lunes-ni-los-grillos-2","status":"publish","type":"post","link":"https:\/\/diariodigitalmx.com\/index.php\/2022\/03\/21\/los-lunes-ni-los-grillos-2\/","title":{"rendered":"Los lunes, ni los Grillos"},"content":{"rendered":"\n<p><\/p>\n\n\n\n<p><strong><em>Oscar.<\/em><\/strong><\/p>\n\n\n\n<p>En torno al encarcelamiento de Jaime Rodr\u00edguez Calder\u00f3n <strong><em>est\u00e1n corriendo una versi\u00f3n que, ha como la narran, podr\u00eda servir de guion para una pelicula<\/em><\/strong> cuya trama la har\u00eda merecedora al Oscar.<\/p>\n\n\n\n<p><strong><em>Nombres.<\/em><\/strong><\/p>\n\n\n\n<p>En la versi\u00f3n dan nombres, pelos y se\u00f1ales de personajes de la pol\u00edtica local, como <strong><em>Francisco Cienfuegos, Gustavo A. Guerrero, J. Arturo Salinas Garza y Gilberto de Hoyos Koloff\u00f3n<\/em><\/strong>.<\/p>\n\n\n\n<p><strong><em>Venganza.<\/em><\/strong><\/p>\n\n\n\n<p>En el a\u00f1ejo lenguaje policial se manejaba el breve axioma <strong><em>\u201cEl que la hace la paga<\/em><\/strong>\u201d. Dicen que esta m\u00e1xima alcanz\u00f3 al ex gobernador, seis a\u00f1os despu\u00e9s de encarcelar a Rodrigo Medina de la Cruz.<\/p>\n\n\n\n<p><strong><em>Paciencia.<\/em><\/strong><\/p>\n\n\n\n<p><strong><em>Aseguran que la autor\u00eda de esa vindicta es de un padre dolido, que se arm\u00f3 de paciencia y supo esperar para, CON SU GENTE, dar respuesta a la mala acci\u00f3n cometida en contra de su hijo.&nbsp;<\/em><\/strong><\/p>\n\n\n\n<p><strong><em>Denuncias.<\/em><\/strong><\/p>\n\n\n\n<p>Pol\u00edticos bien Grillos narran que a <strong><em>\u201cEl Bronco<\/em><\/strong>\u201d lo aprehendieron por una de las denuncias de las que Samuel Garc\u00eda present\u00f3 hace 3 a\u00f1os, <strong><em>mismas que desatendi\u00f3 y, HOY, nada tuvo que ver.<\/em><\/strong><\/p>\n\n\n\n<p><strong><em>Muy revelador.<\/em><\/strong><\/p>\n\n\n\n<p><strong><em>De hecho, ayer domingo, El Norte public\u00f3 un art\u00edculo de la ex diputada Mariela Sald\u00edvar d\u00f3nde habla del \u201ccongelamiento\u201d<\/em><\/strong> de 3 a\u00f1os de esas denuncias, sin conocer el actuar del Congreso local.<\/p>\n\n\n\n<p><strong><em>Deslinde.<\/em><\/strong><\/p>\n\n\n\n<p><strong><em>Por eso dicen que luego de la aprehensi\u00f3n, Samuel texte\u00f3 en redes un mensaje que asemej\u00f3 su deslinde diciendo \u201cEstoy tranquilo\u201d y dio todo el cr\u00e9dito a la Fiscal\u00eda estatal y Poder Judicial<\/em><\/strong>.<\/p>\n\n\n\n<p><strong><em>En el olvido.<\/em><\/strong><\/p>\n\n\n\n<p>El teje empez\u00f3 en el 2018. Durante los tres a\u00f1os siguientes personajes de la pol\u00edtica tomaron posiciones <strong><em>y dejaron correr el tiempo. CON O SIN GOBERNADOR del grupo, la venganza ven\u00eda<\/em><\/strong>.<\/p>\n\n\n\n<p><strong><em>Ni se las oli\u00f3.<\/em><\/strong><\/p>\n\n\n\n<p>Cuando <strong><em>\u201cEl Bronco\u201d ni se la esperaba<\/em><\/strong>, le llegaron los ministeriales y cumplimentaron la aprehensi\u00f3n solicitada y <strong><em>Samuel tuvo que ir a Gobernaci\u00f3n para explicar c\u00f3mo fue y color\u00edn colorado\u2026.<\/em><\/strong><\/p>\n\n\n\n<p><strong><em>Vientos nuevos.<\/em><\/strong><\/p>\n\n\n\n<p>Luego de dos a\u00f1os de pandemia y ausencias forzadas, vientos van a soplar en m\u00e1s de 20 facultades de la UANL, <strong><em>donde elegir\u00e1n directores y echar\u00e1n fuera a los coordinadores como en FACPY<\/em><\/strong>A.<\/p>\n\n\n\n<p><strong><em>Elecciones.<\/em><\/strong><\/p>\n\n\n\n<p>La elecci\u00f3n de nuevo dirigente de la Secci\u00f3n 50 del SNTE en NL, habr\u00e1 de esperar a mayo, <strong><em>pues lleva mano el presidente Andr\u00e9s Manuel para el 10 de abril con su revocaci\u00f3n de mandato.<\/em><\/strong><\/p>\n","protected":false},"excerpt":{"rendered":"<p>Oscar. En torno al encarcelamiento de Jaime Rodr\u00edguez Calder\u00f3n est\u00e1n corriendo una versi\u00f3n que, ha como la narran, podr\u00eda servir de guion para una pelicula cuya trama la har\u00eda merecedora al Oscar. Nombres. En la versi\u00f3n dan nombres, pelos y se\u00f1ales de personajes de la pol\u00edtica local, como Francisco Cienfuegos, Gustavo A. Guerrero, J. Arturo [&hellip;]<\/p>\n","protected":false},"author":1,"featured_media":73134,"comment_status":"open","ping_status":"open","sticky":true,"template":"","format":"standard","meta":{"footnotes":""},"categories":[6,3],"tags":[],"_links":{"self":[{"href":"https:\/\/diariodigitalmx.com\/index.php\/wp-json\/wp\/v2\/posts\/73132"}],"collection":[{"href":"https:\/\/diariodigitalmx.com\/index.php\/wp-json\/wp\/v2\/posts"}],"about":[{"href":"https:\/\/diariodigitalmx.com\/index.php\/wp-json\/wp\/v2\/types\/post"}],"author":[{"embeddable":true,"href":"https:\/\/diariodigitalmx.com\/index.php\/wp-json\/wp\/v2\/users\/1"}],"replies":[{"embeddable":true,"href":"https:\/\/diariodigitalmx.com\/index.php\/wp-json\/wp\/v2\/comments?post=73132"}],"version-history":[{"count":1,"href":"https:\/\/diariodigitalmx.com\/index.php\/wp-json\/wp\/v2\/posts\/73132\/revisions"}],"predecessor-version":[{"id":73133,"href":"https:\/\/diariodigitalmx.com\/index.php\/wp-json\/wp\/v2\/posts\/73132\/revisions\/73133"}],"wp:featuredmedia":[{"embeddable":true,"href":"https:\/\/diariodigitalmx.com\/index.php\/wp-json\/wp\/v2\/media\/73134"}],"wp:attachment":[{"href":"https:\/\/diariodigitalmx.com\/index.php\/wp-json\/wp\/v2\/media?parent=73132"}],"wp:term":[{"taxonomy":"category","embeddable":true,"href":"https:\/\/diariodigitalmx.com\/index.php\/wp-json\/wp\/v2\/categories?post=73132"},{"taxonomy":"post_tag","embeddable":true,"href":"https:\/\/diariodigitalmx.com\/index.php\/wp-json\/wp\/v2\/tags?post=73132"}],"curies":[{"name":"wp","href":"https:\/\/api.w.org\/{rel}","templated":true}]}}