{"id":73153,"date":"2022-03-21T21:26:36","date_gmt":"2022-03-22T03:26:36","guid":{"rendered":"http:\/\/diariodigitalmx.com\/?p=73153"},"modified":"2022-03-21T21:27:01","modified_gmt":"2022-03-22T03:27:01","slug":"fuerte-sequia-hace-que-mexico-entregue-solo-14-9-del-agua-acordada-a-estados-unidos","status":"publish","type":"post","link":"https:\/\/diariodigitalmx.com\/index.php\/2022\/03\/21\/fuerte-sequia-hace-que-mexico-entregue-solo-14-9-del-agua-acordada-a-estados-unidos\/","title":{"rendered":"Fuerte sequ\u00eda hace que M\u00e9xico entregue solo 14.9 % del agua acordada a Estados Unidos"},"content":{"rendered":"\n<p><\/p>\n\n\n\n<p>Por Rogelio Romero<\/p>\n\n\n\n<p>McAllen, Texas.- La fuerte sequ\u00eda que prevalece en esta regi\u00f3n es una de las causas a las que se atribuye que M\u00e9xico s\u00f3lo haya entregado 14.9 por ciento del agua acordada con Estados Unidos, seg\u00fan&nbsp; cifras del m\u00e1s reciente reporte de la Comisi\u00f3n Internacional de L\u00edmites y Aguas.<\/p>\n\n\n\n<p>El reporte sobre la entrega de agua que&nbsp; se realiza entre ambos&nbsp; pa\u00edses cubre el periodo de octubre(2021) a marzo y de este 2022, de acuerdo binacional que data de 1944.<\/p>\n\n\n\n<p>La vocera de la agencia por el lado estadounidense, Lori Kuczmanski, se\u00f1al\u00f3 que ambos pa\u00edses deben entregar mutuamente&nbsp; un tercio de la cantidad de agua que requieren para sus actividades agr\u00edcolas, residenciales, agr\u00edcolas e industriales en un ciclo de 5 a\u00f1os.<\/p>\n\n\n\n<p>Record\u00f3 como en a\u00f1os pasados la parte estadounidense se atras\u00f3 por alg\u00fan tiempo en la entrega de agua a M\u00e9xico, pero finalmente la naci\u00f3n vecina cumpli\u00f3 con el compromiso.<\/p>\n\n\n\n<p>Tambi\u00e9n mencion\u00f3 los prolongados periodos de sequ\u00eda que se han experimentado por a\u00f1os en los estados fronterizos que existen entre ambos pa\u00edses.<\/p>\n\n\n\n<p>Record\u00f3 que el agua que se recibe de parte de M\u00e9xico, proviene de seis diferente afluentes entre ellas r\u00edos y presas que existen en estados como Veracruz y Tamaulipas.<\/p>\n\n\n\n<p>El presidente de M\u00e9xico Andr\u00e9s Manuel L\u00f3pez Obrador ha insistido en reiteradas ocasiones, que su pa\u00eds cumple en la medida de lo posible, con la entrega de agua a su vecino del norte de acuerdo a lo que establece el tratado binacional establecido en 1944.<\/p>\n","protected":false},"excerpt":{"rendered":"<p>Por Rogelio Romero McAllen, Texas.- La fuerte sequ\u00eda que prevalece en esta regi\u00f3n es una de las causas a las que se atribuye que M\u00e9xico s\u00f3lo haya entregado 14.9 por ciento del agua acordada con Estados Unidos, seg\u00fan&nbsp; cifras del m\u00e1s reciente reporte de la Comisi\u00f3n Internacional de L\u00edmites y Aguas. El reporte sobre la [&hellip;]<\/p>\n","protected":false},"author":1,"featured_media":73155,"comment_status":"open","ping_status":"open","sticky":true,"template":"","format":"standard","meta":{"footnotes":""},"categories":[14,4],"tags":[],"_links":{"self":[{"href":"https:\/\/diariodigitalmx.com\/index.php\/wp-json\/wp\/v2\/posts\/73153"}],"collection":[{"href":"https:\/\/diariodigitalmx.com\/index.php\/wp-json\/wp\/v2\/posts"}],"about":[{"href":"https:\/\/diariodigitalmx.com\/index.php\/wp-json\/wp\/v2\/types\/post"}],"author":[{"embeddable":true,"href":"https:\/\/diariodigitalmx.com\/index.php\/wp-json\/wp\/v2\/users\/1"}],"replies":[{"embeddable":true,"href":"https:\/\/diariodigitalmx.com\/index.php\/wp-json\/wp\/v2\/comments?post=73153"}],"version-history":[{"count":1,"href":"https:\/\/diariodigitalmx.com\/index.php\/wp-json\/wp\/v2\/posts\/73153\/revisions"}],"predecessor-version":[{"id":73154,"href":"https:\/\/diariodigitalmx.com\/index.php\/wp-json\/wp\/v2\/posts\/73153\/revisions\/73154"}],"wp:featuredmedia":[{"embeddable":true,"href":"https:\/\/diariodigitalmx.com\/index.php\/wp-json\/wp\/v2\/media\/73155"}],"wp:attachment":[{"href":"https:\/\/diariodigitalmx.com\/index.php\/wp-json\/wp\/v2\/media?parent=73153"}],"wp:term":[{"taxonomy":"category","embeddable":true,"href":"https:\/\/diariodigitalmx.com\/index.php\/wp-json\/wp\/v2\/categories?post=73153"},{"taxonomy":"post_tag","embeddable":true,"href":"https:\/\/diariodigitalmx.com\/index.php\/wp-json\/wp\/v2\/tags?post=73153"}],"curies":[{"name":"wp","href":"https:\/\/api.w.org\/{rel}","templated":true}]}}