{"id":73164,"date":"2022-03-22T08:56:01","date_gmt":"2022-03-22T14:56:01","guid":{"rendered":"http:\/\/diariodigitalmx.com\/?p=73164"},"modified":"2022-03-22T22:39:26","modified_gmt":"2022-03-23T04:39:26","slug":"inician-cortes-de-agua-en-nuevo-leon-la-sequia-avanza","status":"publish","type":"post","link":"https:\/\/diariodigitalmx.com\/index.php\/2022\/03\/22\/inician-cortes-de-agua-en-nuevo-leon-la-sequia-avanza\/","title":{"rendered":"Inician cortes de agua en Nuevo Le\u00f3n; la sequ\u00eda avanza"},"content":{"rendered":"\n<p>Walter Elizondo <\/p>\n\n\n\n<p>Monterrey- Recrudecida la sequ\u00eda y la falta de lluvias, dio principio en la zona metropolitana de Monterrey un\u00a0programa calendarizado de cortes de suministro de agua a la poblaci\u00f3n,\u00a0<\/p>\n\n\n\n<p>Mientras tanto, la baja captaci\u00f3n de las presas La Boca y Cerro Prieto las mantiene a punto de secarse.&nbsp;<\/p>\n\n\n\n<p>La empresa paraestatal Agua y Drenaje de Monterrey, ha dividido el \u00e1rea metropolitana y perif\u00e9rica en siete zonas para los cortes y reducciones, en un programa llamado &#8220;Agua para Todos&#8221; .<\/p>\n\n\n\n<figure class=\"wp-block-image size-large\"><img loading=\"lazy\" decoding=\"async\" width=\"795\" height=\"795\" src=\"http:\/\/diariodigitalmx.com\/wp-content\/uploads\/2022\/03\/FB_IMG_1647958874740.jpg\" alt=\"\" class=\"wp-image-73168\" srcset=\"https:\/\/diariodigitalmx.com\/wp-content\/uploads\/2022\/03\/FB_IMG_1647958874740.jpg 795w, https:\/\/diariodigitalmx.com\/wp-content\/uploads\/2022\/03\/FB_IMG_1647958874740-300x300.jpg 300w, https:\/\/diariodigitalmx.com\/wp-content\/uploads\/2022\/03\/FB_IMG_1647958874740-150x150.jpg 150w, https:\/\/diariodigitalmx.com\/wp-content\/uploads\/2022\/03\/FB_IMG_1647958874740-768x768.jpg 768w\" sizes=\"(max-width: 795px) 100vw, 795px\" \/><\/figure>\n\n\n\n<p>De esta manera, un d\u00eda a la semana uno de los sectores s\u00f3lo tendr\u00e1 agua de 5:00 a las 9:00 horas, y los otros seis d\u00edas tendr\u00e1n el servicio regular.<\/p>\n\n\n\n<p>El primer corte se realiz\u00f3 entre los usuarios que habitan en el municipio de &nbsp; Guadalupe, y de varias colonias de los ayuntamientos de San Nicol\u00e1s y Apodaca. Solo tuvieron agua de 5:00 a 9:00 horas.&nbsp;<\/p>\n\n\n\n<p>Luis Ignacio Barrag\u00e1n, director de Agua y Drenaje de Monterrey dijo que la medida es necesaria para evitar fallas imprevistas en el suministro; s\u00f3lo un d\u00eda a la semana todas las zonas tendr\u00e1n una disminuci\u00f3n de abastecimiento.<\/p>\n\n\n\n<p>El funcionario estima que cada d\u00eda estar\u00e1n sin agua unos 700 mil habitantes, y cree que para mayo pr\u00f3ximo pudiera normalizarse la situaci\u00f3n, aunque todo depende de las lluvias. En s\u00ed, el programa de cortes de agua es de cinco meses de duraci\u00f3n.&nbsp;<\/p>\n\n\n\n<p>La zona metropolitana regiomontana recibe agua de tres presas, La Boca, pr\u00e1cticamente seca; Cerro Prieto con niveles abajo del 30 por ciento y El Cuchillo no supera el 50 por ciento de su capacidad.<\/p>\n\n\n\n<figure class=\"wp-block-image size-large\"><img loading=\"lazy\" decoding=\"async\" width=\"682\" height=\"1024\" src=\"http:\/\/diariodigitalmx.com\/wp-content\/uploads\/2022\/03\/FB_IMG_1647960346985-682x1024.jpg\" alt=\"\" class=\"wp-image-73170\" srcset=\"https:\/\/diariodigitalmx.com\/wp-content\/uploads\/2022\/03\/FB_IMG_1647960346985-682x1024.jpg 682w, https:\/\/diariodigitalmx.com\/wp-content\/uploads\/2022\/03\/FB_IMG_1647960346985-200x300.jpg 200w, https:\/\/diariodigitalmx.com\/wp-content\/uploads\/2022\/03\/FB_IMG_1647960346985-768x1152.jpg 768w, https:\/\/diariodigitalmx.com\/wp-content\/uploads\/2022\/03\/FB_IMG_1647960346985.jpg 853w\" sizes=\"(max-width: 682px) 100vw, 682px\" \/><\/figure>\n\n\n\n<p>Adem\u00e1s de esas fuentes, la zona metropolitana de Monterrey se abastece de pozos diversos.&nbsp;<\/p>\n\n\n\n<p>Actualmente se perforan unos 50 pozos y se da mantenimiento a otros tantos.&nbsp;<\/p>\n\n\n\n<p>El Gobierno ha recurrido a los pozos privados para negociar que se incorporen a la red.&nbsp;<\/p>\n\n\n\n<p>Sin embargo, Barrag\u00e1n manifest\u00f3 que la disminuci\u00f3n de consumo de parte de la poblaci\u00f3n, y la aportaci\u00f3n de agua de pozos privados de parte de las empresas no han sido como se esperaba.<\/p>\n\n\n\n<p>Barrag\u00e1n explic\u00f3 que las empresas que tienen pozos privados, unos 50 al menos, se resisten a dar el servicio a la comunidad.&nbsp;<\/p>\n\n\n\n<p>En los \u00faltimos d\u00edas, la poblaci\u00f3n ha realizado compra de botes y tambos para guardar agua, en tanto los negocios del ramo se han visto rebasados por la demanda.&nbsp;<\/p>\n\n\n\n<p>Comerciantes y due\u00f1os de negocios tambi\u00e9n acudieron a la compra de botes y tinacos, pero consideran que a la larga ser\u00e1 m\u00e1s costoso para ellos con esa medida.&nbsp;<\/p>\n","protected":false},"excerpt":{"rendered":"<p>Walter Elizondo Monterrey- Recrudecida la sequ\u00eda y la falta de lluvias, dio principio en la zona metropolitana de Monterrey un\u00a0programa calendarizado de cortes de suministro de agua a la poblaci\u00f3n,\u00a0 Mientras tanto, la baja captaci\u00f3n de las presas La Boca y Cerro Prieto las mantiene a punto de secarse.&nbsp; La empresa paraestatal Agua y Drenaje [&hellip;]<\/p>\n","protected":false},"author":1,"featured_media":73166,"comment_status":"open","ping_status":"open","sticky":true,"template":"","format":"standard","meta":{"footnotes":""},"categories":[6,3],"tags":[],"_links":{"self":[{"href":"https:\/\/diariodigitalmx.com\/index.php\/wp-json\/wp\/v2\/posts\/73164"}],"collection":[{"href":"https:\/\/diariodigitalmx.com\/index.php\/wp-json\/wp\/v2\/posts"}],"about":[{"href":"https:\/\/diariodigitalmx.com\/index.php\/wp-json\/wp\/v2\/types\/post"}],"author":[{"embeddable":true,"href":"https:\/\/diariodigitalmx.com\/index.php\/wp-json\/wp\/v2\/users\/1"}],"replies":[{"embeddable":true,"href":"https:\/\/diariodigitalmx.com\/index.php\/wp-json\/wp\/v2\/comments?post=73164"}],"version-history":[{"count":5,"href":"https:\/\/diariodigitalmx.com\/index.php\/wp-json\/wp\/v2\/posts\/73164\/revisions"}],"predecessor-version":[{"id":73240,"href":"https:\/\/diariodigitalmx.com\/index.php\/wp-json\/wp\/v2\/posts\/73164\/revisions\/73240"}],"wp:featuredmedia":[{"embeddable":true,"href":"https:\/\/diariodigitalmx.com\/index.php\/wp-json\/wp\/v2\/media\/73166"}],"wp:attachment":[{"href":"https:\/\/diariodigitalmx.com\/index.php\/wp-json\/wp\/v2\/media?parent=73164"}],"wp:term":[{"taxonomy":"category","embeddable":true,"href":"https:\/\/diariodigitalmx.com\/index.php\/wp-json\/wp\/v2\/categories?post=73164"},{"taxonomy":"post_tag","embeddable":true,"href":"https:\/\/diariodigitalmx.com\/index.php\/wp-json\/wp\/v2\/tags?post=73164"}],"curies":[{"name":"wp","href":"https:\/\/api.w.org\/{rel}","templated":true}]}}