{"id":73172,"date":"2022-03-22T09:10:27","date_gmt":"2022-03-22T15:10:27","guid":{"rendered":"http:\/\/diariodigitalmx.com\/?p=73172"},"modified":"2022-03-22T09:12:15","modified_gmt":"2022-03-22T15:12:15","slug":"exigen-a-diputados-federales-de-nuevo-leon-votar-a-favor-de-la-reforma-electrica","status":"publish","type":"post","link":"https:\/\/diariodigitalmx.com\/index.php\/2022\/03\/22\/exigen-a-diputados-federales-de-nuevo-leon-votar-a-favor-de-la-reforma-electrica\/","title":{"rendered":"Exigen a diputados Federales de Nuevo Le\u00f3n votar a favor de la reforma el\u00e9ctrica"},"content":{"rendered":"\n<p>El Frente Nacional en Defensa de la Reforma El\u00e9ctrica reuni\u00f3 a un grupo de ciudadanos en el monumento al obrero para exigirle a los diputados Federales votar por el s\u00ed en la reforma el\u00e9ctrica.<\/p>\n\n\n\n<p>&#8220;La reforma el\u00e9ctrica es la que proteger\u00e1 el bienestar econ\u00f3mico de los ciudadanos, tenemos un presidente que le importa el pueblo y que est\u00e1 haciendo estas reformas para beneficio de la ciudadania&#8221;, coment\u00f3 Viridiana Lorelei presidenta del partido morena en Nuevo Le\u00f3n.<\/p>\n\n\n\n<p>Dentro de los dirigentes se encontraba tambi\u00e9n la diputada Anylu Bendici\u00f3n quien se comprometi\u00f3 con la ciudadan\u00eda a que el d\u00eda que llegue la reforma al congreso local votar por el s\u00ed.<\/p>\n\n\n\n<figure class=\"wp-block-image size-large\"><img loading=\"lazy\" decoding=\"async\" width=\"875\" height=\"696\" src=\"http:\/\/diariodigitalmx.com\/wp-content\/uploads\/2022\/03\/IMG-20220322-WA0007.jpg\" alt=\"\" class=\"wp-image-73175\" srcset=\"https:\/\/diariodigitalmx.com\/wp-content\/uploads\/2022\/03\/IMG-20220322-WA0007.jpg 875w, https:\/\/diariodigitalmx.com\/wp-content\/uploads\/2022\/03\/IMG-20220322-WA0007-300x239.jpg 300w, https:\/\/diariodigitalmx.com\/wp-content\/uploads\/2022\/03\/IMG-20220322-WA0007-768x611.jpg 768w\" sizes=\"(max-width: 875px) 100vw, 875px\" \/><\/figure>\n\n\n\n<p>Trabajadores del \u00e1rea el\u00e9ctrica, ciudadanos y morenistas fueron algunos de los asistentes al evento convocado por el Frente Nacional en Defensa de la Reforma El\u00e9ctrica.<\/p>\n\n\n\n<p>A la reuni\u00f3n tambi\u00e9n asisti\u00f3 Daniel Pe\u00f1a l\u00edder del Sindicato \u00danico de Trabajadores Electricistas de la Rep\u00fablica Mexicana (SUTERM),\u00a0 Jorge Espinoza de tal secci\u00f3n y la diputada morenista Olga Leticia Ch\u00e1vez.<\/p>\n\n\n\n<figure class=\"wp-block-image size-large\"><img loading=\"lazy\" decoding=\"async\" width=\"781\" height=\"638\" src=\"http:\/\/diariodigitalmx.com\/wp-content\/uploads\/2022\/03\/IMG-20220322-WA0009.jpg\" alt=\"\" class=\"wp-image-73177\" srcset=\"https:\/\/diariodigitalmx.com\/wp-content\/uploads\/2022\/03\/IMG-20220322-WA0009.jpg 781w, https:\/\/diariodigitalmx.com\/wp-content\/uploads\/2022\/03\/IMG-20220322-WA0009-300x245.jpg 300w, https:\/\/diariodigitalmx.com\/wp-content\/uploads\/2022\/03\/IMG-20220322-WA0009-768x627.jpg 768w\" sizes=\"(max-width: 781px) 100vw, 781px\" \/><\/figure>\n\n\n\n<p>&#8220;El bienestar de las y los mexicanos debe estar tambi\u00e9n en la c\u00e1mara de diputados, ellos son los que nos pusieron en este puesto y por ellos debemos votar a favor de la reforma&#8221; afirm\u00f3 la diputada federal morenista Olga Leticia Chavez<\/p>\n\n\n\n<p>&#8220;Los trabajadores merecen respaldo por parte de las autoridades y esta reforma buscar\u00e1 que ellos se sientan apoyados&#8221; argument\u00f3 Daniel Pe\u00f1a, l\u00edder de SUTERM<\/p>\n\n\n\n<p>&#8220;Los j\u00f3venes tambi\u00e9n tenemos participaci\u00f3n en las decisiones, estamos cansados de que no se nos tome la importancia debida, la reforma el\u00e9ctrica debe ser aprobada porque la CFE&nbsp; es fruto de la lucha de muchos trabajadores del sector electrico&#8221; comparti\u00f3 Marco Emilio Gaytan, l\u00edder estudiantil del estado.<\/p>\n\n\n\n<p>En el evento aprovecharon para invitar a la votaci\u00f3n de la revocaci\u00f3n de mandato este pr\u00f3ximo 10 de abril del presente a\u00f1o.<\/p>\n","protected":false},"excerpt":{"rendered":"<p>El Frente Nacional en Defensa de la Reforma El\u00e9ctrica reuni\u00f3 a un grupo de ciudadanos en el monumento al obrero para exigirle a los diputados Federales votar por el s\u00ed en la reforma el\u00e9ctrica. &#8220;La reforma el\u00e9ctrica es la que proteger\u00e1 el bienestar econ\u00f3mico de los ciudadanos, tenemos un presidente que le importa el pueblo [&hellip;]<\/p>\n","protected":false},"author":1,"featured_media":73174,"comment_status":"open","ping_status":"open","sticky":true,"template":"","format":"standard","meta":{"footnotes":""},"categories":[6,5],"tags":[],"_links":{"self":[{"href":"https:\/\/diariodigitalmx.com\/index.php\/wp-json\/wp\/v2\/posts\/73172"}],"collection":[{"href":"https:\/\/diariodigitalmx.com\/index.php\/wp-json\/wp\/v2\/posts"}],"about":[{"href":"https:\/\/diariodigitalmx.com\/index.php\/wp-json\/wp\/v2\/types\/post"}],"author":[{"embeddable":true,"href":"https:\/\/diariodigitalmx.com\/index.php\/wp-json\/wp\/v2\/users\/1"}],"replies":[{"embeddable":true,"href":"https:\/\/diariodigitalmx.com\/index.php\/wp-json\/wp\/v2\/comments?post=73172"}],"version-history":[{"count":3,"href":"https:\/\/diariodigitalmx.com\/index.php\/wp-json\/wp\/v2\/posts\/73172\/revisions"}],"predecessor-version":[{"id":73178,"href":"https:\/\/diariodigitalmx.com\/index.php\/wp-json\/wp\/v2\/posts\/73172\/revisions\/73178"}],"wp:featuredmedia":[{"embeddable":true,"href":"https:\/\/diariodigitalmx.com\/index.php\/wp-json\/wp\/v2\/media\/73174"}],"wp:attachment":[{"href":"https:\/\/diariodigitalmx.com\/index.php\/wp-json\/wp\/v2\/media?parent=73172"}],"wp:term":[{"taxonomy":"category","embeddable":true,"href":"https:\/\/diariodigitalmx.com\/index.php\/wp-json\/wp\/v2\/categories?post=73172"},{"taxonomy":"post_tag","embeddable":true,"href":"https:\/\/diariodigitalmx.com\/index.php\/wp-json\/wp\/v2\/tags?post=73172"}],"curies":[{"name":"wp","href":"https:\/\/api.w.org\/{rel}","templated":true}]}}