{"id":73184,"date":"2022-03-22T11:26:56","date_gmt":"2022-03-22T17:26:56","guid":{"rendered":"http:\/\/diariodigitalmx.com\/?p=73184"},"modified":"2022-03-22T11:31:11","modified_gmt":"2022-03-22T17:31:11","slug":"van-tras-manuel-gonzalez-y-otros-secretarios-del-bronco","status":"publish","type":"post","link":"https:\/\/diariodigitalmx.com\/index.php\/2022\/03\/22\/van-tras-manuel-gonzalez-y-otros-secretarios-del-bronco\/","title":{"rendered":"Van tras Manuel Gonz\u00e1lez y otros funcionarios del Bronco"},"content":{"rendered":"\n<p>Walter Elizondo <\/p>\n\n\n\n<p>Monterrey &#8211;&nbsp; Samuel Garc\u00eda no quiere que El Bronco salga de la c\u00e1rcel y afirma que va tras m\u00e1s de sus funcionarios.&nbsp;<\/p>\n\n\n\n<p>El Gobernador de Nuevo Le\u00f3n, Samuel Garc\u00eda dice que adem\u00e1s del Bronco, actualmente en prisi\u00f3n, tambi\u00e9n va tras al menos cuatro secretarios de la administraci\u00f3n de Jaime Rodr\u00edguez Calder\u00f3n, el cual, ser\u00eda irracional salga en libertad.&nbsp;<\/p>\n\n\n\n<p>&#8220;Me falta el Secretario General de Gobierno, y el de Movilidad Desarrollo Sustentable, y el de Salud, y la de Educaci\u00f3n&#8221;, adelant\u00f3.<\/p>\n\n\n\n<figure class=\"wp-block-image size-large\"><img loading=\"lazy\" decoding=\"async\" width=\"608\" height=\"342\" src=\"http:\/\/diariodigitalmx.com\/wp-content\/uploads\/2022\/03\/images-4-1.jpeg\" alt=\"\" class=\"wp-image-73188\" srcset=\"https:\/\/diariodigitalmx.com\/wp-content\/uploads\/2022\/03\/images-4-1.jpeg 608w, https:\/\/diariodigitalmx.com\/wp-content\/uploads\/2022\/03\/images-4-1-300x169.jpeg 300w\" sizes=\"(max-width: 608px) 100vw, 608px\" \/><\/figure>\n\n\n\n<p>Se trata de Manuel Gonz\u00e1lez, Manuel Vital, Manuel de la O Cavazos y Mar\u00eda de los \u00c1ngeles Erris\u00fariz, respectivamente.&nbsp;<\/p>\n\n\n\n<p>Tambi\u00e9n explic\u00f3 que algunos ex Secretarios y proveedores est\u00e1n pidiendo ser &#8220;testigos protegidos&#8221; para denunciar c\u00f3mo ped\u00edan recursos &#8220;m\u00e1s arriba&#8221;, pero declin\u00f3 dar m\u00e1s informes.<\/p>\n\n\n\n<p>Seg\u00fan Garc\u00eda Sep\u00falveda m\u00e1s carpetas ser\u00e1n presentadas a la Fiscal\u00eda, denunciando a Secretarios de la anterior Administraci\u00f3n y proveedores, que incurrieron en actos de corrupci\u00f3n.<\/p>\n\n\n\n<p>Las investigaciones que realiza la autoridad estatal se centran en probables triangulaciones de dinero a trav\u00e9s de empresas diversas por parte de algunos de ellos, as\u00ed como el pago millonario a familiares.&nbsp;<\/p>\n\n\n\n<p>Por otro lado, se refiri\u00f3 al asunto del Bronco cuyo caso podr\u00eda ser hoy tomado por un Juez federal quien decidir\u00e1 su situaci\u00f3n jur\u00eddica.&nbsp;<\/p>\n\n\n\n<p>Consider\u00f3 que ser\u00eda irracional que un Juez federal otorgue la libertad al Bronco, adem\u00e1s de que no se quiere ver trampas ni cosas en lo oscurito.&nbsp;<\/p>\n\n\n\n<p>&#8220;No queremos ver trampas, ni cosas en lo oscurito, ni manos negras o en cuesti\u00f3n de semanas querer sacar algo,ser\u00eda completamente irracional&#8221;.&nbsp;<\/p>\n\n\n\n<p>Para el gobernador generalmente las audiencias para procesos federales tardan semanas o meses, y no tendr\u00eda por qu\u00e9 ser diferente en este caso de su antecesor, detenido desde hace una semana e internado en el Penal 2 de Apodaca.&nbsp;<\/p>\n","protected":false},"excerpt":{"rendered":"<p>Walter Elizondo Monterrey &#8211;&nbsp; Samuel Garc\u00eda no quiere que El Bronco salga de la c\u00e1rcel y afirma que va tras m\u00e1s de sus funcionarios.&nbsp; El Gobernador de Nuevo Le\u00f3n, Samuel Garc\u00eda dice que adem\u00e1s del Bronco, actualmente en prisi\u00f3n, tambi\u00e9n va tras al menos cuatro secretarios de la administraci\u00f3n de Jaime Rodr\u00edguez Calder\u00f3n, el cual, [&hellip;]<\/p>\n","protected":false},"author":1,"featured_media":73186,"comment_status":"open","ping_status":"open","sticky":true,"template":"","format":"standard","meta":{"footnotes":""},"categories":[6,3],"tags":[],"_links":{"self":[{"href":"https:\/\/diariodigitalmx.com\/index.php\/wp-json\/wp\/v2\/posts\/73184"}],"collection":[{"href":"https:\/\/diariodigitalmx.com\/index.php\/wp-json\/wp\/v2\/posts"}],"about":[{"href":"https:\/\/diariodigitalmx.com\/index.php\/wp-json\/wp\/v2\/types\/post"}],"author":[{"embeddable":true,"href":"https:\/\/diariodigitalmx.com\/index.php\/wp-json\/wp\/v2\/users\/1"}],"replies":[{"embeddable":true,"href":"https:\/\/diariodigitalmx.com\/index.php\/wp-json\/wp\/v2\/comments?post=73184"}],"version-history":[{"count":3,"href":"https:\/\/diariodigitalmx.com\/index.php\/wp-json\/wp\/v2\/posts\/73184\/revisions"}],"predecessor-version":[{"id":73190,"href":"https:\/\/diariodigitalmx.com\/index.php\/wp-json\/wp\/v2\/posts\/73184\/revisions\/73190"}],"wp:featuredmedia":[{"embeddable":true,"href":"https:\/\/diariodigitalmx.com\/index.php\/wp-json\/wp\/v2\/media\/73186"}],"wp:attachment":[{"href":"https:\/\/diariodigitalmx.com\/index.php\/wp-json\/wp\/v2\/media?parent=73184"}],"wp:term":[{"taxonomy":"category","embeddable":true,"href":"https:\/\/diariodigitalmx.com\/index.php\/wp-json\/wp\/v2\/categories?post=73184"},{"taxonomy":"post_tag","embeddable":true,"href":"https:\/\/diariodigitalmx.com\/index.php\/wp-json\/wp\/v2\/tags?post=73184"}],"curies":[{"name":"wp","href":"https:\/\/api.w.org\/{rel}","templated":true}]}}