{"id":7319,"date":"2019-07-04T17:53:33","date_gmt":"2019-07-04T22:53:33","guid":{"rendered":"http:\/\/diariodigitalmx.com\/?p=7319"},"modified":"2019-07-04T17:53:34","modified_gmt":"2019-07-04T22:53:34","slug":"dice-poncho-romo-que-luna-de-miel-con-la-ip-continua","status":"publish","type":"post","link":"https:\/\/diariodigitalmx.com\/index.php\/2019\/07\/04\/dice-poncho-romo-que-luna-de-miel-con-la-ip-continua\/","title":{"rendered":"Dice Poncho Romo que luna de miel con la IP contin\u00faa"},"content":{"rendered":"\n<p><em>*Aunque hay diferencias, la Iniciativa Privada y el gobierno federal\n&#8220;contin\u00faan caminando de la mano\u201d, asegur\u00f3 el jefe de la Oficina de\nPresidencia<\/em><\/p>\n\n\n\n<p>Si bien existen\ndiferencias entre el sector privado y el gobierno federal, la Iniciativa\nPrivada (IP) y el gobierno federal contin\u00faan con su \u201c<strong>luna de miel<\/strong>\u201d, asegur\u00f3&nbsp;<strong>Alfonso\nRomo<\/strong>, jefe de la oficina de&nbsp;<strong>Presidencia de la Rep\u00fablica<\/strong>.<\/p>\n\n\n\n<p>En\nentrevista en el marco del festejo por el&nbsp;<strong>D\u00eda del Ingeniero<\/strong>,&nbsp;<strong>Romo\nGarza<\/strong>&nbsp;asegur\u00f3 que las pl\u00e1ticas con el empresariado se han\nrealizado de manera positiva, por lo que asegur\u00f3 que aunque hay diferencias,\ncontin\u00faan \u201ccaminando de la mano\u201d.<\/p>\n\n\n\n<p>\u201cTenemos\npl\u00e1sticas, puntos de vistas diferentes, pero estamos caminando de la mano. De\neso no tengan duda, sigue la&nbsp;<strong>luna de miel<\/strong>, ya vamos\na ir al matrimonio\u201d, se\u00f1al\u00f3 el funcionario previo a su participaci\u00f3n en el&nbsp;<strong>D\u00eda\nNacional del Ingeniero<\/strong>.<\/p>\n\n\n\n<p>Cabe\nmencionar que el gobierno federal acord\u00f3 sentarse a platicar con los\ninversionistas, con la finalidad de solucionar el tema de los contratos de los\nductos de gas natural<\/p>\n\n\n\n<p>Hace\nunas semanas, el gobierno federal suscribi\u00f3 con el&nbsp;<strong>Consejo\nCoordinador Empresarial<\/strong>&nbsp;(<a href=\"https:\/\/twitter.com\/cceoficialmx\">CCE<\/a>) y el&nbsp;<strong>Consejo Mexicano de Negocios<\/strong>&nbsp;(CMN)\nun acuerdo para incrementar la inversi\u00f3n en el pa\u00eds; sin embargo, ese mismo\nd\u00eda, la administraci\u00f3n decidi\u00f3 cancelar los&nbsp;<em><strong>farmouts<\/strong><\/em>&nbsp;o\nasociaciones de privados con&nbsp;<strong>Pemex<\/strong>.<\/p>\n\n\n\n<p>De la misma manera, se dio a conocer hace unos\nd\u00edas, que diversas empresas constructoras, entraron en litigio por el tema de\nla construcci\u00f3n del&nbsp;<strong>Nuevo\nAeropuerto Internacional de M\u00e9xico<\/strong>&nbsp;(<strong>NAIM<\/strong>).<\/p>\n","protected":false},"excerpt":{"rendered":"<p>*Aunque hay diferencias, la Iniciativa Privada y el gobierno federal &#8220;contin\u00faan caminando de la mano\u201d, asegur\u00f3 el jefe de la Oficina de Presidencia Si bien existen diferencias entre el sector privado y el gobierno federal, la Iniciativa Privada (IP) y el gobierno federal contin\u00faan con su \u201cluna de miel\u201d, asegur\u00f3&nbsp;Alfonso Romo, jefe de la oficina [&hellip;]<\/p>\n","protected":false},"author":1,"featured_media":7321,"comment_status":"open","ping_status":"open","sticky":true,"template":"","format":"standard","meta":{"footnotes":""},"categories":[14,10],"tags":[],"_links":{"self":[{"href":"https:\/\/diariodigitalmx.com\/index.php\/wp-json\/wp\/v2\/posts\/7319"}],"collection":[{"href":"https:\/\/diariodigitalmx.com\/index.php\/wp-json\/wp\/v2\/posts"}],"about":[{"href":"https:\/\/diariodigitalmx.com\/index.php\/wp-json\/wp\/v2\/types\/post"}],"author":[{"embeddable":true,"href":"https:\/\/diariodigitalmx.com\/index.php\/wp-json\/wp\/v2\/users\/1"}],"replies":[{"embeddable":true,"href":"https:\/\/diariodigitalmx.com\/index.php\/wp-json\/wp\/v2\/comments?post=7319"}],"version-history":[{"count":1,"href":"https:\/\/diariodigitalmx.com\/index.php\/wp-json\/wp\/v2\/posts\/7319\/revisions"}],"predecessor-version":[{"id":7320,"href":"https:\/\/diariodigitalmx.com\/index.php\/wp-json\/wp\/v2\/posts\/7319\/revisions\/7320"}],"wp:featuredmedia":[{"embeddable":true,"href":"https:\/\/diariodigitalmx.com\/index.php\/wp-json\/wp\/v2\/media\/7321"}],"wp:attachment":[{"href":"https:\/\/diariodigitalmx.com\/index.php\/wp-json\/wp\/v2\/media?parent=7319"}],"wp:term":[{"taxonomy":"category","embeddable":true,"href":"https:\/\/diariodigitalmx.com\/index.php\/wp-json\/wp\/v2\/categories?post=7319"},{"taxonomy":"post_tag","embeddable":true,"href":"https:\/\/diariodigitalmx.com\/index.php\/wp-json\/wp\/v2\/tags?post=7319"}],"curies":[{"name":"wp","href":"https:\/\/api.w.org\/{rel}","templated":true}]}}