{"id":73201,"date":"2022-03-22T15:40:32","date_gmt":"2022-03-22T21:40:32","guid":{"rendered":"http:\/\/diariodigitalmx.com\/?p=73201"},"modified":"2022-03-22T21:40:34","modified_gmt":"2022-03-23T03:40:34","slug":"promueve-amparo-el-bronco","status":"publish","type":"post","link":"https:\/\/diariodigitalmx.com\/index.php\/2022\/03\/22\/promueve-amparo-el-bronco\/","title":{"rendered":"Promueve amparo El Bronco"},"content":{"rendered":"\n<p>Walter Elizondo&nbsp;<\/p>\n\n\n\n<p>Monterrey &#8211; La defensa del ex Gobernador Jaime Rodr\u00edguez Calder\u00f3n, promovi\u00f3 un amparo en contra de la privaci\u00f3n ilegal de la libertad.&nbsp;<\/p>\n\n\n\n<p>De acuerdo a los informes, la juzgadora Ileana Guadalupe Eng Ni\u00f1o, le&nbsp; concedi\u00f3&nbsp; una suspensi\u00f3n de plano, sin embargo, le otorg\u00f3 un t\u00e9rmino de tres d\u00edas para que ratifique la demanda de garant\u00edas y requiera a las autoridades responsables para que rindan un informe justificado.<\/p>\n\n\n\n<p>Asimismo, se&nbsp; agend\u00f3 para el 29 de marzo pr\u00f3ximo la audiencia incidental para determinar si le otorgan o no la suspensi\u00f3n definitiva.<\/p>\n\n\n\n<p>El caso fue admitido por el Juzgado Segundo de Distrito en Materia Penal, dentro del juicio 221\/2022.&nbsp;<\/p>\n\n\n\n<p>Jaime Rodr\u00edguez Calder\u00f3n que cumple una semana en el Penal 2 de Apodaca, recibi\u00f3 hace d\u00edas una suspensi\u00f3n provisional para evitar que estuviera incomunicado.&nbsp;<\/p>\n\n\n\n<p>El Bronco, es el segundo gobernaron de Nuevo Le\u00f3n que ha estado en prisi\u00f3n, el primero fue antecesor Rodrigo Medina quien estuvo 19 horas en el mismo penal de Apodaca.&nbsp;<\/p>\n","protected":false},"excerpt":{"rendered":"<p>Walter Elizondo&nbsp; Monterrey &#8211; La defensa del ex Gobernador Jaime Rodr\u00edguez Calder\u00f3n, promovi\u00f3 un amparo en contra de la privaci\u00f3n ilegal de la libertad.&nbsp; De acuerdo a los informes, la juzgadora Ileana Guadalupe Eng Ni\u00f1o, le&nbsp; concedi\u00f3&nbsp; una suspensi\u00f3n de plano, sin embargo, le otorg\u00f3 un t\u00e9rmino de tres d\u00edas para que ratifique la demanda [&hellip;]<\/p>\n","protected":false},"author":1,"featured_media":73006,"comment_status":"open","ping_status":"open","sticky":true,"template":"","format":"standard","meta":{"footnotes":""},"categories":[14,6],"tags":[],"_links":{"self":[{"href":"https:\/\/diariodigitalmx.com\/index.php\/wp-json\/wp\/v2\/posts\/73201"}],"collection":[{"href":"https:\/\/diariodigitalmx.com\/index.php\/wp-json\/wp\/v2\/posts"}],"about":[{"href":"https:\/\/diariodigitalmx.com\/index.php\/wp-json\/wp\/v2\/types\/post"}],"author":[{"embeddable":true,"href":"https:\/\/diariodigitalmx.com\/index.php\/wp-json\/wp\/v2\/users\/1"}],"replies":[{"embeddable":true,"href":"https:\/\/diariodigitalmx.com\/index.php\/wp-json\/wp\/v2\/comments?post=73201"}],"version-history":[{"count":1,"href":"https:\/\/diariodigitalmx.com\/index.php\/wp-json\/wp\/v2\/posts\/73201\/revisions"}],"predecessor-version":[{"id":73202,"href":"https:\/\/diariodigitalmx.com\/index.php\/wp-json\/wp\/v2\/posts\/73201\/revisions\/73202"}],"wp:featuredmedia":[{"embeddable":true,"href":"https:\/\/diariodigitalmx.com\/index.php\/wp-json\/wp\/v2\/media\/73006"}],"wp:attachment":[{"href":"https:\/\/diariodigitalmx.com\/index.php\/wp-json\/wp\/v2\/media?parent=73201"}],"wp:term":[{"taxonomy":"category","embeddable":true,"href":"https:\/\/diariodigitalmx.com\/index.php\/wp-json\/wp\/v2\/categories?post=73201"},{"taxonomy":"post_tag","embeddable":true,"href":"https:\/\/diariodigitalmx.com\/index.php\/wp-json\/wp\/v2\/tags?post=73201"}],"curies":[{"name":"wp","href":"https:\/\/api.w.org\/{rel}","templated":true}]}}