{"id":73203,"date":"2022-03-22T16:45:34","date_gmt":"2022-03-22T22:45:34","guid":{"rendered":"http:\/\/diariodigitalmx.com\/?p=73203"},"modified":"2022-03-22T21:42:10","modified_gmt":"2022-03-23T03:42:10","slug":"un-tercero-habria-promovido-amparo-del-bronco-no-lo-hizo-la-defensa","status":"publish","type":"post","link":"https:\/\/diariodigitalmx.com\/index.php\/2022\/03\/22\/un-tercero-habria-promovido-amparo-del-bronco-no-lo-hizo-la-defensa\/","title":{"rendered":"Un tercero habr\u00eda promovido amparo del Bronco; no lo hizo la defensa"},"content":{"rendered":"\n<p>Walter Elizondo <\/p>\n\n\n\n<p>Monterrey &#8211; La defensa del ex Gobernador Jaime Rodr\u00edguez no ha presentado un amparo contra la privaci\u00f3n ilegal de la libertad, pero pudo hacerlo un tercero, dijo el defensor del Bronco, Gabriel Garc\u00eda.&nbsp;<\/p>\n\n\n\n<p>Asimismo, inform\u00f3 que el Juez Federal tiene de plazo hasta el viernes para declararse competente y aceptar el asunto del ex Gobernador Jaime Rodr\u00edguez Calder\u00f3n, detenido desde hace una semana en el Penal 2 de Apodaca.&nbsp;<\/p>\n\n\n\n<p>Sobre la determinaci\u00f3n\u00a0 del Juzgado Segundo de Distrito en Materia Penal del Estado de admitir un amparo contra la privaci\u00f3n ilegal de su libertad, el abogado dice que nadie del equipo lo ha tramitado.<\/p>\n\n\n\n<p>&#8220;El equipo legal que representamos, del cual soy parte, no hemos promovido ning\u00fan amparo, hoy existen por ah\u00ed algunas versiones de eso de que se han presentado algunos amparos, nosotros el equipo de defensa no los ha presentado.<\/p>\n\n\n\n<p>&#8220;Existe la posibilidad de que un tercero lo promueva, no s\u00e9 con qu\u00e9 intenci\u00f3n, eso es factible, jur\u00eddicamente es viable, pero eso lo tiene que ratificar, una vez que el Juez federal admite una petici\u00f3n de esa naturaleza, tiene que enviar un actuario del Juzgado Federal para que el ingeniero ratifique si es su deseo continuar con las demanda&#8221;.<\/p>\n\n\n\n<p>Tambi\u00e9n inform\u00f3 que este martes el Juzgado recibi\u00f3 la solicitud para que analice la situaci\u00f3n legal del ex Gobernador y convoque a audiencia.&nbsp;<\/p>\n\n\n\n<p>El Juez federal tiene hasta el viernes para declararse competente y fijar la fecha de la audiencia. &#8220;Puede se hoy, ma\u00f1ana o pasado donde salga el acuerdo admitiendo o no la competencia y en su caso convoc\u00e1ndonos a una pr\u00f3xima audiencia&#8221;.<\/p>\n\n\n\n<p>El abogado Gabriel Garc\u00eda visit\u00f3 en el Cereso 2 de Apodaca a su cliente el ex gobernador Jaime Rodr\u00edguez Calder\u00f3n y asegur\u00f3 que El Bronco est\u00e1 enterado de todos rumores de amparos y de los cateos a sus propiedades.&nbsp;<\/p>\n","protected":false},"excerpt":{"rendered":"<p>Walter Elizondo Monterrey &#8211; La defensa del ex Gobernador Jaime Rodr\u00edguez no ha presentado un amparo contra la privaci\u00f3n ilegal de la libertad, pero pudo hacerlo un tercero, dijo el defensor del Bronco, Gabriel Garc\u00eda.&nbsp; Asimismo, inform\u00f3 que el Juez Federal tiene de plazo hasta el viernes para declararse competente y aceptar el asunto del [&hellip;]<\/p>\n","protected":false},"author":1,"featured_media":73205,"comment_status":"open","ping_status":"open","sticky":true,"template":"","format":"standard","meta":{"footnotes":""},"categories":[6,5],"tags":[],"_links":{"self":[{"href":"https:\/\/diariodigitalmx.com\/index.php\/wp-json\/wp\/v2\/posts\/73203"}],"collection":[{"href":"https:\/\/diariodigitalmx.com\/index.php\/wp-json\/wp\/v2\/posts"}],"about":[{"href":"https:\/\/diariodigitalmx.com\/index.php\/wp-json\/wp\/v2\/types\/post"}],"author":[{"embeddable":true,"href":"https:\/\/diariodigitalmx.com\/index.php\/wp-json\/wp\/v2\/users\/1"}],"replies":[{"embeddable":true,"href":"https:\/\/diariodigitalmx.com\/index.php\/wp-json\/wp\/v2\/comments?post=73203"}],"version-history":[{"count":2,"href":"https:\/\/diariodigitalmx.com\/index.php\/wp-json\/wp\/v2\/posts\/73203\/revisions"}],"predecessor-version":[{"id":73239,"href":"https:\/\/diariodigitalmx.com\/index.php\/wp-json\/wp\/v2\/posts\/73203\/revisions\/73239"}],"wp:featuredmedia":[{"embeddable":true,"href":"https:\/\/diariodigitalmx.com\/index.php\/wp-json\/wp\/v2\/media\/73205"}],"wp:attachment":[{"href":"https:\/\/diariodigitalmx.com\/index.php\/wp-json\/wp\/v2\/media?parent=73203"}],"wp:term":[{"taxonomy":"category","embeddable":true,"href":"https:\/\/diariodigitalmx.com\/index.php\/wp-json\/wp\/v2\/categories?post=73203"},{"taxonomy":"post_tag","embeddable":true,"href":"https:\/\/diariodigitalmx.com\/index.php\/wp-json\/wp\/v2\/tags?post=73203"}],"curies":[{"name":"wp","href":"https:\/\/api.w.org\/{rel}","templated":true}]}}