{"id":73206,"date":"2022-03-22T16:51:11","date_gmt":"2022-03-22T22:51:11","guid":{"rendered":"http:\/\/diariodigitalmx.com\/?p=73206"},"modified":"2022-03-22T16:52:25","modified_gmt":"2022-03-22T22:52:25","slug":"los-transportistas-tambien-protestan-en-nuevo-leon","status":"publish","type":"post","link":"https:\/\/diariodigitalmx.com\/index.php\/2022\/03\/22\/los-transportistas-tambien-protestan-en-nuevo-leon\/","title":{"rendered":"Los transportistas tambi\u00e9n protestan en Nuevo Le\u00f3n"},"content":{"rendered":"\n<p>Monterrey &#8211;&nbsp; Decenas de transportistas tambi\u00e9n protestaron en Nuevo Le\u00f3n y salieron a las avenidas metropolitanas a demandar seguridad en las carreteras.&nbsp;<\/p>\n\n\n\n<p>Exigieron la disminuci\u00f3n de los costos de las autopistas,\u00a0 la reclasificaci\u00f3n de las carreteras nacionales y mayor seguridad, pues acusan que a diario les asaltan y hasta asesinan a sus compa\u00f1eros operadores.<\/p>\n\n\n\n<figure class=\"wp-block-image size-large\"><img loading=\"lazy\" decoding=\"async\" width=\"1024\" height=\"623\" src=\"http:\/\/diariodigitalmx.com\/wp-content\/uploads\/2022\/03\/IMG-20220322-WA0023-1024x623.jpg\" alt=\"\" class=\"wp-image-73209\" srcset=\"https:\/\/diariodigitalmx.com\/wp-content\/uploads\/2022\/03\/IMG-20220322-WA0023-1024x623.jpg 1024w, https:\/\/diariodigitalmx.com\/wp-content\/uploads\/2022\/03\/IMG-20220322-WA0023-300x182.jpg 300w, https:\/\/diariodigitalmx.com\/wp-content\/uploads\/2022\/03\/IMG-20220322-WA0023-768x467.jpg 768w, https:\/\/diariodigitalmx.com\/wp-content\/uploads\/2022\/03\/IMG-20220322-WA0023.jpg 1184w\" sizes=\"(max-width: 1024px) 100vw, 1024px\" \/><\/figure>\n\n\n\n<p>Integrantes de la Alianza Mexicana de Transportistas realizaron una caravana en el exterior de la Fiscal\u00eda General de Justicia, en la Carretera a Laredo, en el municipio de Escobedo.&nbsp;<\/p>\n\n\n\n<p>Ah\u00ed iniciaron su recorridos y siguieron por las avenidas Manuel Barrag\u00e1n y Fidel Vel\u00e1zquez, en San Nicol\u00e1s; Gonzalitos y Morones Prieto, en Monterrey, para posteriormente tomar la Carretera Miguel Alem\u00e1n y terminar en el municipio de Apodaca sobre la Avenida Concordia. Cruzaron los municipios de Escobedo, San Nicol\u00e1s, Monterrey, Guadalupe y Apodaca.<\/p>\n\n\n\n<figure class=\"wp-block-image size-large\"><img loading=\"lazy\" decoding=\"async\" width=\"1024\" height=\"534\" src=\"http:\/\/diariodigitalmx.com\/wp-content\/uploads\/2022\/03\/IMG-20220322-WA0024-1024x534.jpg\" alt=\"\" class=\"wp-image-73211\" srcset=\"https:\/\/diariodigitalmx.com\/wp-content\/uploads\/2022\/03\/IMG-20220322-WA0024-1024x534.jpg 1024w, https:\/\/diariodigitalmx.com\/wp-content\/uploads\/2022\/03\/IMG-20220322-WA0024-300x157.jpg 300w, https:\/\/diariodigitalmx.com\/wp-content\/uploads\/2022\/03\/IMG-20220322-WA0024-768x401.jpg 768w, https:\/\/diariodigitalmx.com\/wp-content\/uploads\/2022\/03\/IMG-20220322-WA0024.jpg 1230w\" sizes=\"(max-width: 1024px) 100vw, 1024px\" \/><\/figure>\n\n\n\n<p>Camiones tr\u00e1iler y otro tipo de veh\u00edculos formaron la caravana que fue por gran parte de la zona metropolitana regiomontana.&nbsp;<\/p>\n\n\n\n<p>Acusaron que la Federaci\u00f3n no ha acudido a resolver sus propuestas, por lo que se vieron en la necesidad de salir a la v\u00eda p\u00fablica en el Pa\u00eds.&nbsp;<\/p>\n","protected":false},"excerpt":{"rendered":"<p>Monterrey &#8211;&nbsp; Decenas de transportistas tambi\u00e9n protestaron en Nuevo Le\u00f3n y salieron a las avenidas metropolitanas a demandar seguridad en las carreteras.&nbsp; Exigieron la disminuci\u00f3n de los costos de las autopistas,\u00a0 la reclasificaci\u00f3n de las carreteras nacionales y mayor seguridad, pues acusan que a diario les asaltan y hasta asesinan a sus compa\u00f1eros operadores. Integrantes [&hellip;]<\/p>\n","protected":false},"author":1,"featured_media":73208,"comment_status":"open","ping_status":"open","sticky":true,"template":"","format":"standard","meta":{"footnotes":""},"categories":[6,5],"tags":[],"_links":{"self":[{"href":"https:\/\/diariodigitalmx.com\/index.php\/wp-json\/wp\/v2\/posts\/73206"}],"collection":[{"href":"https:\/\/diariodigitalmx.com\/index.php\/wp-json\/wp\/v2\/posts"}],"about":[{"href":"https:\/\/diariodigitalmx.com\/index.php\/wp-json\/wp\/v2\/types\/post"}],"author":[{"embeddable":true,"href":"https:\/\/diariodigitalmx.com\/index.php\/wp-json\/wp\/v2\/users\/1"}],"replies":[{"embeddable":true,"href":"https:\/\/diariodigitalmx.com\/index.php\/wp-json\/wp\/v2\/comments?post=73206"}],"version-history":[{"count":3,"href":"https:\/\/diariodigitalmx.com\/index.php\/wp-json\/wp\/v2\/posts\/73206\/revisions"}],"predecessor-version":[{"id":73212,"href":"https:\/\/diariodigitalmx.com\/index.php\/wp-json\/wp\/v2\/posts\/73206\/revisions\/73212"}],"wp:featuredmedia":[{"embeddable":true,"href":"https:\/\/diariodigitalmx.com\/index.php\/wp-json\/wp\/v2\/media\/73208"}],"wp:attachment":[{"href":"https:\/\/diariodigitalmx.com\/index.php\/wp-json\/wp\/v2\/media?parent=73206"}],"wp:term":[{"taxonomy":"category","embeddable":true,"href":"https:\/\/diariodigitalmx.com\/index.php\/wp-json\/wp\/v2\/categories?post=73206"},{"taxonomy":"post_tag","embeddable":true,"href":"https:\/\/diariodigitalmx.com\/index.php\/wp-json\/wp\/v2\/tags?post=73206"}],"curies":[{"name":"wp","href":"https:\/\/api.w.org\/{rel}","templated":true}]}}