{"id":73225,"date":"2022-03-22T20:00:41","date_gmt":"2022-03-23T02:00:41","guid":{"rendered":"http:\/\/diariodigitalmx.com\/?p=73225"},"modified":"2022-03-22T20:06:46","modified_gmt":"2022-03-23T02:06:46","slug":"en-escobedo-campana-para-cuidar-el-agua","status":"publish","type":"post","link":"https:\/\/diariodigitalmx.com\/index.php\/2022\/03\/22\/en-escobedo-campana-para-cuidar-el-agua\/","title":{"rendered":"En Escobedo, campa\u00f1a para cuidar el agua"},"content":{"rendered":"\n<figure class=\"wp-block-video\"><video controls src=\"http:\/\/diariodigitalmx.com\/wp-content\/uploads\/2022\/03\/RUEDA-DE-PRENSA-DIVERTIPARQUE-CUIDADO-DEL-AGUA-MEDIOS-ASPECTOS.mp4\"><\/video><\/figure>\n\n\n\n<p>*Urgen a racionar el l\u00edquido <\/p>\n\n\n\n<p><\/p>\n\n\n\n<p>En plena conmemoraci\u00f3n del D\u00eda Mundial del Agua y ante la grave sequ\u00eda que enfrenta Nuevo Le\u00f3n, el Municipio de Escobedo inici\u00f3 una campa\u00f1a de concientizaci\u00f3n sobre el cuidado del vital l\u00edquido.<\/p>\n\n\n\n<p>El Alcalde Andr\u00e9s Mijes, lanz\u00f3 un llamado de unidad a la poblaci\u00f3n, y los invit\u00f3 a sumarse al reto de ahorrar agua.<\/p>\n\n\n\n<p>A trav\u00e9s de sus redes sociales, el Alcalde recomend\u00f3 a la poblaci\u00f3n las medidas que deben implementar para no usar agua de m\u00e1s, e hizo un llamado en\u00e9rgico para que ahorren este recurso natural.<\/p>\n\n\n\n<p>Desde el Divertiparque, en donde no estar\u00e1n funcionando las albercas como medida para conservar el agua, Mijes explic\u00f3 que, a trav\u00e9s de pl\u00e1ticas y din\u00e1micas en escuelas y con exhortos constantes en las redes sociales del Gobierno de Escobedo, adem\u00e1s de recomendaciones, buscar\u00e1n que la comunidad en general se sume a racionar el l\u00edquido.<\/p>\n\n\n\n<figure class=\"wp-block-image size-large\"><img loading=\"lazy\" decoding=\"async\" width=\"1024\" height=\"683\" src=\"http:\/\/diariodigitalmx.com\/wp-content\/uploads\/2022\/03\/DSC_0053-1024x683.jpg\" alt=\"\" class=\"wp-image-73231\" srcset=\"https:\/\/diariodigitalmx.com\/wp-content\/uploads\/2022\/03\/DSC_0053-1024x683.jpg 1024w, https:\/\/diariodigitalmx.com\/wp-content\/uploads\/2022\/03\/DSC_0053-300x200.jpg 300w, https:\/\/diariodigitalmx.com\/wp-content\/uploads\/2022\/03\/DSC_0053-768x512.jpg 768w, https:\/\/diariodigitalmx.com\/wp-content\/uploads\/2022\/03\/DSC_0053-1536x1024.jpg 1536w, https:\/\/diariodigitalmx.com\/wp-content\/uploads\/2022\/03\/DSC_0053-2048x1365.jpg 2048w\" sizes=\"(max-width: 1024px) 100vw, 1024px\" \/><\/figure>\n\n\n\n<p>Por medio de la campa\u00f1a \u201cGuardianes del Agua\u201d, se llevar\u00e1n a los planteles educativos historietas para colorear y artistas cuenta cuentos que hablar\u00e1n de la escasez del recurso natural, para que conozcan qu\u00e9 es lo que se debe hacer para su permanencia, desde un lenguaje digerible para los menores.<\/p>\n\n\n\n<p>Con el ejercicio de concientizaci\u00f3n se busca que las ni\u00f1as y ni\u00f1os, adem\u00e1s de conocer del tema, fomenten en sus hogares el ahorro del agua.<\/p>\n\n\n\n<p>El Edil inform\u00f3 tambi\u00e9n que, como medida de apoyo para las familias, se instalar\u00e1n tinacos en los centros DIF del Municipio, para proveer en lo posible a quienes necesiten del l\u00edquido.<\/p>\n\n\n\n<p>Adem\u00e1s, recalc\u00f3 que para reportar fugas de agua potable o de aguas negras la Secretar\u00eda del Medio Ambiente se mantiene atenta en el n\u00famero 81-3263-4629.<\/p>\n\n\n\n<p>Durante el evento, Mijes comparti\u00f3 recomendaciones sobre el ahorro de agua, como abrir la llave estrictamente el tiempo necesario al lavarse las manos, cepillarse los dientes utilizando un vaso en lugar de la llave abierta, tomar duchas de cinco minutos o menos y reutilizar el agua de la lavadora.<\/p>\n\n\n\n<p>Asimismo, no lavar banquetas, cocheras y veh\u00edculos.<\/p>\n","protected":false},"excerpt":{"rendered":"<p>*Urgen a racionar el l\u00edquido En plena conmemoraci\u00f3n del D\u00eda Mundial del Agua y ante la grave sequ\u00eda que enfrenta Nuevo Le\u00f3n, el Municipio de Escobedo inici\u00f3 una campa\u00f1a de concientizaci\u00f3n sobre el cuidado del vital l\u00edquido. El Alcalde Andr\u00e9s Mijes, lanz\u00f3 un llamado de unidad a la poblaci\u00f3n, y los invit\u00f3 a sumarse al [&hellip;]<\/p>\n","protected":false},"author":1,"featured_media":73229,"comment_status":"open","ping_status":"open","sticky":true,"template":"","format":"standard","meta":{"footnotes":""},"categories":[14,6],"tags":[],"_links":{"self":[{"href":"https:\/\/diariodigitalmx.com\/index.php\/wp-json\/wp\/v2\/posts\/73225"}],"collection":[{"href":"https:\/\/diariodigitalmx.com\/index.php\/wp-json\/wp\/v2\/posts"}],"about":[{"href":"https:\/\/diariodigitalmx.com\/index.php\/wp-json\/wp\/v2\/types\/post"}],"author":[{"embeddable":true,"href":"https:\/\/diariodigitalmx.com\/index.php\/wp-json\/wp\/v2\/users\/1"}],"replies":[{"embeddable":true,"href":"https:\/\/diariodigitalmx.com\/index.php\/wp-json\/wp\/v2\/comments?post=73225"}],"version-history":[{"count":4,"href":"https:\/\/diariodigitalmx.com\/index.php\/wp-json\/wp\/v2\/posts\/73225\/revisions"}],"predecessor-version":[{"id":73235,"href":"https:\/\/diariodigitalmx.com\/index.php\/wp-json\/wp\/v2\/posts\/73225\/revisions\/73235"}],"wp:featuredmedia":[{"embeddable":true,"href":"https:\/\/diariodigitalmx.com\/index.php\/wp-json\/wp\/v2\/media\/73229"}],"wp:attachment":[{"href":"https:\/\/diariodigitalmx.com\/index.php\/wp-json\/wp\/v2\/media?parent=73225"}],"wp:term":[{"taxonomy":"category","embeddable":true,"href":"https:\/\/diariodigitalmx.com\/index.php\/wp-json\/wp\/v2\/categories?post=73225"},{"taxonomy":"post_tag","embeddable":true,"href":"https:\/\/diariodigitalmx.com\/index.php\/wp-json\/wp\/v2\/tags?post=73225"}],"curies":[{"name":"wp","href":"https:\/\/api.w.org\/{rel}","templated":true}]}}