{"id":73241,"date":"2022-03-22T22:43:47","date_gmt":"2022-03-23T04:43:47","guid":{"rendered":"http:\/\/diariodigitalmx.com\/?p=73241"},"modified":"2022-03-22T22:44:20","modified_gmt":"2022-03-23T04:44:20","slug":"ya-no-habra-alza-en-tarifa-de-transporte-pero-se-obligara-a-pagar-con-tarjeta-feria","status":"publish","type":"post","link":"https:\/\/diariodigitalmx.com\/index.php\/2022\/03\/22\/ya-no-habra-alza-en-tarifa-de-transporte-pero-se-obligara-a-pagar-con-tarjeta-feria\/","title":{"rendered":"Ya no habr\u00e1 alza en tarifa de transporte, pero se obligar\u00e1 a pagar con tarjeta Feria"},"content":{"rendered":"\n<p><\/p>\n\n\n\n<p>Monterrey &#8211;&nbsp; El gobierno de Nuevo Le\u00f3n dio marcha atr\u00e1s en el tarifazo que hab\u00eda propuesto, pero ahora obligar\u00e1 a los usuarios a usar una tarjeta de prepago, la que seg\u00fan dicen, mantendr\u00e1 la tarifa actual de 12 pesos.&nbsp;<\/p>\n\n\n\n<p>Apenas la semana pasada la Secretar\u00eda de Movilidad hab\u00eda planteado subir la tarifa camionera de 12 a 15 pesos y el Metro de 4.50 a 15 pesos.&nbsp;<\/p>\n\n\n\n<p>Sin embargo, en sesi\u00f3n de la Comisi\u00f3n de Tarifas del Instituto de Movilidad, se determina que el Metro se mantiene con la actual tarifa de 4.50 pesos por viaje unitario.<\/p>\n\n\n\n<p>Actualmente una parte de los usuarios pagan con una tarjeta de prepago y la gran mayor\u00eda en efectivo, pero en la reuni\u00f3n se adelant\u00f3 que a partir de junio pr\u00f3ximo, todo ser\u00e1 mediante el pago electr\u00f3nico con la tarjeta Feria.<\/p>\n\n\n\n<p>Hern\u00e1n Villarreal titular de Movilidad dijo que al eliminarse el pago en efectivo, se le pagar\u00e1 a los transportistas por kil\u00f3metro recorrido.<\/p>\n\n\n\n<p>El transportista privado Hern\u00e1n Mart\u00ednez rechaz\u00f3 que se diera reversa en el alza tarifaria de tres pesos en efectivo, ya que eso, a\u00f1adi\u00f3, les ayudar\u00eda a sacar del taller a unos 400 o 500 camiones para elevar la flotilla.<\/p>\n\n\n\n<p>Aunque ahora no lo dijo, con anterioridad Mart\u00ednez ha rechazado que se les pague por kil\u00f3metro recorrido.&nbsp;<\/p>\n\n\n\n<p>En la tarjeta Feria, se contemplan dos abonos por 7 d\u00edas con viajes ilimitados, uno para estudiantes por 120 pesos, y otro para pasajeros ordinarios por 200 pesos.<\/p>\n\n\n\n<p>Se inform\u00f3 que se repartir\u00e1n tarjetas gratuitas para incentivar el uso e incluir\u00e1n viajes de cortes\u00eda.<\/p>\n","protected":false},"excerpt":{"rendered":"<p>Monterrey &#8211;&nbsp; El gobierno de Nuevo Le\u00f3n dio marcha atr\u00e1s en el tarifazo que hab\u00eda propuesto, pero ahora obligar\u00e1 a los usuarios a usar una tarjeta de prepago, la que seg\u00fan dicen, mantendr\u00e1 la tarifa actual de 12 pesos.&nbsp; Apenas la semana pasada la Secretar\u00eda de Movilidad hab\u00eda planteado subir la tarifa camionera de 12 [&hellip;]<\/p>\n","protected":false},"author":1,"featured_media":73243,"comment_status":"open","ping_status":"open","sticky":true,"template":"","format":"standard","meta":{"footnotes":""},"categories":[6,3],"tags":[],"_links":{"self":[{"href":"https:\/\/diariodigitalmx.com\/index.php\/wp-json\/wp\/v2\/posts\/73241"}],"collection":[{"href":"https:\/\/diariodigitalmx.com\/index.php\/wp-json\/wp\/v2\/posts"}],"about":[{"href":"https:\/\/diariodigitalmx.com\/index.php\/wp-json\/wp\/v2\/types\/post"}],"author":[{"embeddable":true,"href":"https:\/\/diariodigitalmx.com\/index.php\/wp-json\/wp\/v2\/users\/1"}],"replies":[{"embeddable":true,"href":"https:\/\/diariodigitalmx.com\/index.php\/wp-json\/wp\/v2\/comments?post=73241"}],"version-history":[{"count":1,"href":"https:\/\/diariodigitalmx.com\/index.php\/wp-json\/wp\/v2\/posts\/73241\/revisions"}],"predecessor-version":[{"id":73242,"href":"https:\/\/diariodigitalmx.com\/index.php\/wp-json\/wp\/v2\/posts\/73241\/revisions\/73242"}],"wp:featuredmedia":[{"embeddable":true,"href":"https:\/\/diariodigitalmx.com\/index.php\/wp-json\/wp\/v2\/media\/73243"}],"wp:attachment":[{"href":"https:\/\/diariodigitalmx.com\/index.php\/wp-json\/wp\/v2\/media?parent=73241"}],"wp:term":[{"taxonomy":"category","embeddable":true,"href":"https:\/\/diariodigitalmx.com\/index.php\/wp-json\/wp\/v2\/categories?post=73241"},{"taxonomy":"post_tag","embeddable":true,"href":"https:\/\/diariodigitalmx.com\/index.php\/wp-json\/wp\/v2\/tags?post=73241"}],"curies":[{"name":"wp","href":"https:\/\/api.w.org\/{rel}","templated":true}]}}