{"id":73246,"date":"2022-03-23T07:35:12","date_gmt":"2022-03-23T13:35:12","guid":{"rendered":"http:\/\/diariodigitalmx.com\/?p=73246"},"modified":"2022-03-23T07:36:08","modified_gmt":"2022-03-23T13:36:08","slug":"por-cierto-487","status":"publish","type":"post","link":"https:\/\/diariodigitalmx.com\/index.php\/2022\/03\/23\/por-cierto-487\/","title":{"rendered":"Por Cierto&#8230;"},"content":{"rendered":"\n<p>\u00d3scar Tamez Rodr\u00edguez <\/p>\n\n\n\n<p>El AIFA tuvo una inauguraci\u00f3n al mejor estilo del viejo PRI. Me hizo recordar aquel gobernante que llev\u00f3 pipas de agua para inaugurar el abasto del l\u00edquido desde una presa inaugurada. Igual los tantos hospitales inaugurados con equipamiento prestado y nada m\u00e1s acabando la foto se recoge el montaje. Vaya, el AIFA despu\u00e9s del banderazo qued\u00f3 desolado, con alg\u00fan vuelo espor\u00e1dico y sin transportaci\u00f3n a sus instalaciones ni hoteles o restaurantes d\u00f3nde esperar el abordaje. \u00a1Si lo viera Felipe se volver\u00eda a morir!\u2026 Si su compa\u00f1ero de trabajo huele a ayer, no se ponga rudo, a lo mejor le toc\u00f3 el corte de agua en su barrio.&nbsp;<a>estudiospoliticos.mx@gmail.com<\/a><\/p>\n","protected":false},"excerpt":{"rendered":"<p>\u00d3scar Tamez Rodr\u00edguez El AIFA tuvo una inauguraci\u00f3n al mejor estilo del viejo PRI. Me hizo recordar aquel gobernante que llev\u00f3 pipas de agua para inaugurar el abasto del l\u00edquido desde una presa inaugurada. Igual los tantos hospitales inaugurados con equipamiento prestado y nada m\u00e1s acabando la foto se recoge el montaje. Vaya, el AIFA [&hellip;]<\/p>\n","protected":false},"author":1,"featured_media":72929,"comment_status":"open","ping_status":"open","sticky":true,"template":"","format":"standard","meta":{"footnotes":""},"categories":[14,12],"tags":[],"_links":{"self":[{"href":"https:\/\/diariodigitalmx.com\/index.php\/wp-json\/wp\/v2\/posts\/73246"}],"collection":[{"href":"https:\/\/diariodigitalmx.com\/index.php\/wp-json\/wp\/v2\/posts"}],"about":[{"href":"https:\/\/diariodigitalmx.com\/index.php\/wp-json\/wp\/v2\/types\/post"}],"author":[{"embeddable":true,"href":"https:\/\/diariodigitalmx.com\/index.php\/wp-json\/wp\/v2\/users\/1"}],"replies":[{"embeddable":true,"href":"https:\/\/diariodigitalmx.com\/index.php\/wp-json\/wp\/v2\/comments?post=73246"}],"version-history":[{"count":2,"href":"https:\/\/diariodigitalmx.com\/index.php\/wp-json\/wp\/v2\/posts\/73246\/revisions"}],"predecessor-version":[{"id":73248,"href":"https:\/\/diariodigitalmx.com\/index.php\/wp-json\/wp\/v2\/posts\/73246\/revisions\/73248"}],"wp:featuredmedia":[{"embeddable":true,"href":"https:\/\/diariodigitalmx.com\/index.php\/wp-json\/wp\/v2\/media\/72929"}],"wp:attachment":[{"href":"https:\/\/diariodigitalmx.com\/index.php\/wp-json\/wp\/v2\/media?parent=73246"}],"wp:term":[{"taxonomy":"category","embeddable":true,"href":"https:\/\/diariodigitalmx.com\/index.php\/wp-json\/wp\/v2\/categories?post=73246"},{"taxonomy":"post_tag","embeddable":true,"href":"https:\/\/diariodigitalmx.com\/index.php\/wp-json\/wp\/v2\/tags?post=73246"}],"curies":[{"name":"wp","href":"https:\/\/api.w.org\/{rel}","templated":true}]}}