{"id":73259,"date":"2022-03-23T13:30:48","date_gmt":"2022-03-23T19:30:48","guid":{"rendered":"http:\/\/diariodigitalmx.com\/?p=73259"},"modified":"2022-03-23T13:31:36","modified_gmt":"2022-03-23T19:31:36","slug":"con-los-cortes-se-elevo-el-consumo-de-agua-los-regios-en-panico-guardan-mas-liquido","status":"publish","type":"post","link":"https:\/\/diariodigitalmx.com\/index.php\/2022\/03\/23\/con-los-cortes-se-elevo-el-consumo-de-agua-los-regios-en-panico-guardan-mas-liquido\/","title":{"rendered":"Con los cortes se elev\u00f3 el consumo de agua; los regios en p\u00e1nico guardan m\u00e1s l\u00edquido"},"content":{"rendered":"\n<p><\/p>\n\n\n\n<p>Walter Elizondo&nbsp;<\/p>\n\n\n\n<p>Monterrey &#8211; Con los cortes programados de agua en la zona metropolitana de Monterrey, el consumo, en lugar de reducir se dispar\u00f3 en m\u00e1s de 2 mil metros c\u00fabicos por segundo, al entrar en p\u00e1nico la poblaci\u00f3n.&nbsp;<\/p>\n\n\n\n<p>Son apenas dos d\u00edas del programa que inici\u00f3 el martes y el consumo ha sido en promedio de 16 mil 116 litros por segundo, confirm\u00f3 el director de la empresa Agua y Drenaje de Monterrey, Juan Ignacio Barrag\u00e1n.<\/p>\n\n\n\n<p>El domingo y lunes antes de los cortes el consumo de agua fue de 14 mil litros por segundo.&nbsp;<\/p>\n\n\n\n<p>&#8220;Era previsible, pero es algo que en vez de contribuir a resolver la problem\u00e1tica, la est\u00e1 empeorando, no es racional, es m\u00e1s bien emocional. Esto se puede traducir como p\u00e1nico entre la poblaci\u00f3n, seguramente la gente se ha puesto a acumular agua de m\u00e1s&#8221;, se\u00f1al\u00f3 el funcionario.&nbsp;<\/p>\n\n\n\n<p>&#8220;Una cifra inaudita a causa del p\u00e1nico, a\u00fan con la reducci\u00f3n que se realiz\u00f3 con el inicio del Plan \u2018Agua para todos\u2019. Muchas personas se alarmaron y acumularon agua en exceso.&nbsp;<\/p>\n\n\n\n<p>&#8221; Para evitar que esta situaci\u00f3n se repita, les pedimos guardar el agua necesaria para un d\u00eda. Sabemos que podremos llegar a los 12 mil litros por segundo de gasto que se requieren, pero para eso requerimos del apoyo de toda la ciudadan\u00eda&#8221;, recomend\u00f3 la empresa.<\/p>\n\n\n\n<p>Sobre las presas, inform\u00f3 que le quedan 4 d\u00edas de vida a La Boca, donde se redujo al m\u00ednimo la extracci\u00f3n, mientras que a Cerro Prieto, se estima se agote en 14 d\u00edas.&nbsp;<\/p>\n\n\n\n<p>De esta manera, s\u00f3lo queda El Cuchillo y los pozos de agua que ofrecen alrededor de 8 mil metros por segundo.&nbsp;<\/p>\n","protected":false},"excerpt":{"rendered":"<p>Walter Elizondo&nbsp; Monterrey &#8211; Con los cortes programados de agua en la zona metropolitana de Monterrey, el consumo, en lugar de reducir se dispar\u00f3 en m\u00e1s de 2 mil metros c\u00fabicos por segundo, al entrar en p\u00e1nico la poblaci\u00f3n.&nbsp; Son apenas dos d\u00edas del programa que inici\u00f3 el martes y el consumo ha sido en [&hellip;]<\/p>\n","protected":false},"author":1,"featured_media":73261,"comment_status":"open","ping_status":"open","sticky":true,"template":"","format":"standard","meta":{"footnotes":""},"categories":[2,3],"tags":[],"_links":{"self":[{"href":"https:\/\/diariodigitalmx.com\/index.php\/wp-json\/wp\/v2\/posts\/73259"}],"collection":[{"href":"https:\/\/diariodigitalmx.com\/index.php\/wp-json\/wp\/v2\/posts"}],"about":[{"href":"https:\/\/diariodigitalmx.com\/index.php\/wp-json\/wp\/v2\/types\/post"}],"author":[{"embeddable":true,"href":"https:\/\/diariodigitalmx.com\/index.php\/wp-json\/wp\/v2\/users\/1"}],"replies":[{"embeddable":true,"href":"https:\/\/diariodigitalmx.com\/index.php\/wp-json\/wp\/v2\/comments?post=73259"}],"version-history":[{"count":1,"href":"https:\/\/diariodigitalmx.com\/index.php\/wp-json\/wp\/v2\/posts\/73259\/revisions"}],"predecessor-version":[{"id":73260,"href":"https:\/\/diariodigitalmx.com\/index.php\/wp-json\/wp\/v2\/posts\/73259\/revisions\/73260"}],"wp:featuredmedia":[{"embeddable":true,"href":"https:\/\/diariodigitalmx.com\/index.php\/wp-json\/wp\/v2\/media\/73261"}],"wp:attachment":[{"href":"https:\/\/diariodigitalmx.com\/index.php\/wp-json\/wp\/v2\/media?parent=73259"}],"wp:term":[{"taxonomy":"category","embeddable":true,"href":"https:\/\/diariodigitalmx.com\/index.php\/wp-json\/wp\/v2\/categories?post=73259"},{"taxonomy":"post_tag","embeddable":true,"href":"https:\/\/diariodigitalmx.com\/index.php\/wp-json\/wp\/v2\/tags?post=73259"}],"curies":[{"name":"wp","href":"https:\/\/api.w.org\/{rel}","templated":true}]}}