{"id":73262,"date":"2022-03-23T13:33:46","date_gmt":"2022-03-23T19:33:46","guid":{"rendered":"http:\/\/diariodigitalmx.com\/?p=73262"},"modified":"2022-03-23T13:34:21","modified_gmt":"2022-03-23T19:34:21","slug":"el-bronco-enfermo-y-su-esposa-amparada","status":"publish","type":"post","link":"https:\/\/diariodigitalmx.com\/index.php\/2022\/03\/23\/el-bronco-enfermo-y-su-esposa-amparada\/","title":{"rendered":"El Bronco enfermo y su esposa amparada"},"content":{"rendered":"\n<p>Walter Elizondo&nbsp;<\/p>\n\n\n\n<p>Monterrey-&nbsp; Seg\u00fan m\u00e9dicos que le revisaron, El Bronco debe ser llevado a un hospital para su atenci\u00f3n.&nbsp;<\/p>\n\n\n\n<p>Adem\u00e1s, a su esposa Adalina D\u00e1valos, le fue otorgada por un Juez de Distrito en Materia Penal una suspensi\u00f3n provisional&nbsp;<\/p>\n\n\n\n<p>contra la orden de aprehensi\u00f3n, detenci\u00f3n o comparecencia que le pueda girar un juez de control penal en el Estado.&nbsp;<\/p>\n\n\n\n<p>Asimismo, la audiencia incidental para determinar si le otorgan o no la suspensi\u00f3n definitiva se ha agendado para el 31 de marzo pr\u00f3ximo.<\/p>\n\n\n\n<p>El Consejo de la Judicatura Federal, en su listado de acuerdos se\u00f1ala de la suspensi\u00f3n dentro del juicio 236\/2022 presentado por la esposa del ex Gobernador Jaime Rodr\u00edguez Calder\u00f3n.<\/p>\n\n\n\n<p>&#8220;Orden de aprehensi\u00f3n, detenci\u00f3n, presentaci\u00f3n y\/o comparecencia, as\u00ed como el tormento mental y psicol\u00f3gico&#8221;, destaca la resoluci\u00f3n del juez V\u00edctor Hugo Alejo.&nbsp;<\/p>\n\n\n\n<p>El juez otorga un plazo de 15 d\u00edas para que los responsables rindan un informe justificado.&nbsp;<\/p>\n\n\n\n<p>Rodr\u00edguez Calder\u00f3n se encuentra detenido en el Cereso 2 de Apodaca desde el martes de la semana pasada, acusado de uso indebido de recursos para recabar firmas y participar como candidato Independiente a la presidencia de la Rep\u00fablica en 2018.<\/p>\n\n\n\n<p>Por otra parte, se busca llevar al Hospital Metropolitano del estado, al ex gobernador, juego de que los m\u00e9dicos sur lo han revisado detectaron que padece diverticulitis grado I, peque\u00f1as bolsas o sacos abultados que se forman en las paredes internas del intestino.&nbsp;<\/p>\n\n\n\n<p>Ellos han recomendado una tomograf\u00eda axial computarizada de abdomen contrastada a m\u00e1s tardar en las pr\u00f3ximas 48 horas.<\/p>\n\n\n\n<p>Durante la revisi\u00f3n la tarde noche del martes, tambi\u00e9n se le diagnostic\u00f3 una probable lesi\u00f3n, es decir, una radiculopat\u00eda lumbar, por lo que se requiere de una resonancia magn\u00e9tica lumbar para determinar la magnitud del da\u00f1o, aunque no es urgente, dijeron.&nbsp;<\/p>\n\n\n\n<p>Los doctores que revisaron al Bronco son&nbsp; Alexandro Ulises Calder\u00f3n, coordinador de Especialidades; Juan Leonel Arizola, traumat\u00f3logo; Jos\u00e9 Espinoza, cirujano proct\u00f3logo y Jes\u00fas \u00c1ngel Gonz\u00e1lez, de Seguridad.&nbsp;<\/p>\n\n\n\n<p>M\u00e9dicos de la Secretar\u00eda de Salud recomiendan que el ex Gobernador sea llevado al Hospital Metropolitano, pero la direcci\u00f3n Penitenciaria no hab\u00eda determinado al respecto hasta el mediod\u00eda del mi\u00e9rcoles.<\/p>\n\n\n\n<p>A su vez, el secretario de Seguridad P\u00fablica estatal, Aldo Fasci Zuazua dijo que si Rodr\u00edguez Calder\u00f3n requiere atenci\u00f3n m\u00e9dica deber\u00e1 ser llevado a un hospital, sin embargo, se\u00f1al\u00f3 que se deben hacer una serie de tr\u00e1mites, y que sean los m\u00e9dicos quienes determinen si se requiere.&nbsp;<\/p>\n\n\n\n<p><\/p>\n","protected":false},"excerpt":{"rendered":"<p>Walter Elizondo&nbsp; Monterrey-&nbsp; Seg\u00fan m\u00e9dicos que le revisaron, El Bronco debe ser llevado a un hospital para su atenci\u00f3n.&nbsp; Adem\u00e1s, a su esposa Adalina D\u00e1valos, le fue otorgada por un Juez de Distrito en Materia Penal una suspensi\u00f3n provisional&nbsp; contra la orden de aprehensi\u00f3n, detenci\u00f3n o comparecencia que le pueda girar un juez de control [&hellip;]<\/p>\n","protected":false},"author":1,"featured_media":73264,"comment_status":"open","ping_status":"open","sticky":true,"template":"","format":"standard","meta":{"footnotes":""},"categories":[6,3],"tags":[],"_links":{"self":[{"href":"https:\/\/diariodigitalmx.com\/index.php\/wp-json\/wp\/v2\/posts\/73262"}],"collection":[{"href":"https:\/\/diariodigitalmx.com\/index.php\/wp-json\/wp\/v2\/posts"}],"about":[{"href":"https:\/\/diariodigitalmx.com\/index.php\/wp-json\/wp\/v2\/types\/post"}],"author":[{"embeddable":true,"href":"https:\/\/diariodigitalmx.com\/index.php\/wp-json\/wp\/v2\/users\/1"}],"replies":[{"embeddable":true,"href":"https:\/\/diariodigitalmx.com\/index.php\/wp-json\/wp\/v2\/comments?post=73262"}],"version-history":[{"count":1,"href":"https:\/\/diariodigitalmx.com\/index.php\/wp-json\/wp\/v2\/posts\/73262\/revisions"}],"predecessor-version":[{"id":73263,"href":"https:\/\/diariodigitalmx.com\/index.php\/wp-json\/wp\/v2\/posts\/73262\/revisions\/73263"}],"wp:featuredmedia":[{"embeddable":true,"href":"https:\/\/diariodigitalmx.com\/index.php\/wp-json\/wp\/v2\/media\/73264"}],"wp:attachment":[{"href":"https:\/\/diariodigitalmx.com\/index.php\/wp-json\/wp\/v2\/media?parent=73262"}],"wp:term":[{"taxonomy":"category","embeddable":true,"href":"https:\/\/diariodigitalmx.com\/index.php\/wp-json\/wp\/v2\/categories?post=73262"},{"taxonomy":"post_tag","embeddable":true,"href":"https:\/\/diariodigitalmx.com\/index.php\/wp-json\/wp\/v2\/tags?post=73262"}],"curies":[{"name":"wp","href":"https:\/\/api.w.org\/{rel}","templated":true}]}}