{"id":73265,"date":"2022-03-23T15:57:16","date_gmt":"2022-03-23T21:57:16","guid":{"rendered":"http:\/\/diariodigitalmx.com\/?p=73265"},"modified":"2022-03-23T15:59:12","modified_gmt":"2022-03-23T21:59:12","slug":"artistas-de-mexico-forman-parte-de-nueva-campana-contra-tren-maya","status":"publish","type":"post","link":"https:\/\/diariodigitalmx.com\/index.php\/2022\/03\/23\/artistas-de-mexico-forman-parte-de-nueva-campana-contra-tren-maya\/","title":{"rendered":"Artistas de M\u00e9xico forman parte de nueva campa\u00f1a contra Tren Maya"},"content":{"rendered":"\n<figure class=\"wp-block-embed is-type-rich is-provider-twitter wp-block-embed-twitter\"><div class=\"wp-block-embed__wrapper\">\n<blockquote class=\"twitter-tweet\" data-width=\"550\" data-dnt=\"true\"><p lang=\"es\" dir=\"ltr\">Importante campa\u00f1a de concientizaci\u00f3n de los artistas mexicanos Barbara Mori, Eugenio Derbez, Ruben Albarran, Arturo Islas, LaFourcade sobre la devastaci\u00f3n que est\u00e1 realizando el tren maya.<a href=\"https:\/\/twitter.com\/Delamori?ref_src=twsrc%5Etfw\">@Delamori<\/a> <a href=\"https:\/\/twitter.com\/EugenioDerbez?ref_src=twsrc%5Etfw\">@EugenioDerbez<\/a> <a href=\"https:\/\/twitter.com\/lafourcade?ref_src=twsrc%5Etfw\">@lafourcade<\/a> <a href=\"https:\/\/twitter.com\/arturooislas?ref_src=twsrc%5Etfw\">@arturooislas<\/a> <a href=\"https:\/\/t.co\/fEhem5mRl1\">pic.twitter.com\/fEhem5mRl1<\/a><\/p>&mdash; Bruno Cort\u00e9s Ram\u00edrez (@BrunoCortesFP) <a href=\"https:\/\/twitter.com\/BrunoCortesFP\/status\/1506646319187861511?ref_src=twsrc%5Etfw\">March 23, 2022<\/a><\/blockquote><script async src=\"https:\/\/platform.twitter.com\/widgets.js\" charset=\"utf-8\"><\/script>\n<\/div><\/figure>\n\n\n\n<p>Maya Comunicaci\u00f3n <\/p>\n\n\n\n<p>Eugenio Derbez, Kate del Castillo, Omar Chaparro, B\u00e1rbara Mori, Rub\u00e9n Albarr\u00e1n, Natalia Lafourcade, Sa\u00fal Hern\u00e1ndez y Ana Claudia Talanc\u00f3n, entre decenas de actrices, actores y cantantes, se han sumado a la campa\u00f1a \u00ab#selvamedeltren\u00bb, contra el reciente cambio de ruta en la construcci\u00f3n del Tren Maya, la cual destruir\u00eda el sistema de r\u00edos subterr\u00e1neos m\u00e1s grande del mundo y con ellos flora y fauna.<\/p>\n\n\n\n<p>En el D\u00eda Mundial del Agua, se lanz\u00f3 dicha campa\u00f1a nacional de concientizaci\u00f3n ciudadana en la que participan activistas ecol\u00f3gicos y ambientalistas, preocupados porque hace un mes, sin explicaci\u00f3n, se modific\u00f3 el tramo 5 del tren (que va de Tumum a Canc\u00fan) , sin presuntamente consultar con la gente y respectivos estudios de impacto.<\/p>\n\n\n\n<p>El sistema subterr\u00e1neo de r\u00edos permite la vegetaci\u00f3n y que los animales de la regi\u00f3n sobrevivan bebiendo su agua.<\/p>\n\n\n\n<p>\u00abEl tren maya est\u00e1 destruyendo la selva, nuestro patrimonio natural\u00bb, dice Derbez en un video presentando con las voces de todos los participantes.<\/p>\n\n\n\n<p>\u00abLe estamos quitando su casa a miles de especies nativas, quitando nuestra propia casa\u00bb, agrega Lafourcade.<\/p>\n\n\n\n<p>\u00abNo somos sus adversarios, somos mexicanos y queremos la vida para todos nosotros\u00bb, subraya Albarr\u00e1n.<\/p>\n\n\n\n<p>Entre otras frases que van diciendo los participantes se pide a las autoridades que si el tren es algo urgente, lo tienen que hacer bien.<\/p>\n\n\n\n<p>\u00abPresidente: escuche las propuestas de los expertos en desarrollo sostenible\u00bb, dice Paola N\u00fa\u00f1ez.<\/p>\n\n\n\n<p>\u00abEstamos en contra de que el Tren Maya tenga que pasar precisamente por una zona protegida\u00bb, destaca Sa\u00fal Hern\u00e1ndez, el cantante de Caifanes.<\/p>\n\n\n\n<p>\u2014M\u00e1s famosos se suman a la campa\u00f1a<\/p>\n\n\n\n<p>Las actrices y actores Gretell Vald\u00e9s, Ofelia Medina, Luis Ernesto Franco, Luis Roberto Guzm\u00e1n, Andr\u00e9s Almeida, Azela Robinson, Jero Medina, Fabiola Campomanes, Damayanti Quintanar y Arap Bethke tambi\u00e9n aparecen en el video que pronto se pondr\u00e1 en redes sociales.<\/p>\n\n\n\n<p>Michael Ronda, Michelle Renaud, Antonio Gaona, Roc\u00edo Verdejo, Stephanie Sigman, y Aislinn Derbez, as\u00ed como el director Fernando Rovzar, son otros que aceptaron estar en la campa\u00f1a a la cual se han sumado m\u00e1s personas.<\/p>\n\n\n\n<p>Durante la presentaci\u00f3n se mostraron videos de r\u00edos subterr\u00e1neos con columnas invadiendo el agua, ya contaminada con materia fecal y los efectos que ocasiona la vibraci\u00f3n de los trabajos en construcci\u00f3n.<\/p>\n","protected":false},"excerpt":{"rendered":"<p>Maya Comunicaci\u00f3n Eugenio Derbez, Kate del Castillo, Omar Chaparro, B\u00e1rbara Mori, Rub\u00e9n Albarr\u00e1n, Natalia Lafourcade, Sa\u00fal Hern\u00e1ndez y Ana Claudia Talanc\u00f3n, entre decenas de actrices, actores y cantantes, se han sumado a la campa\u00f1a \u00ab#selvamedeltren\u00bb, contra el reciente cambio de ruta en la construcci\u00f3n del Tren Maya, la cual destruir\u00eda el sistema de r\u00edos subterr\u00e1neos [&hellip;]<\/p>\n","protected":false},"author":1,"featured_media":73267,"comment_status":"open","ping_status":"open","sticky":true,"template":"","format":"standard","meta":{"footnotes":""},"categories":[14,2],"tags":[],"_links":{"self":[{"href":"https:\/\/diariodigitalmx.com\/index.php\/wp-json\/wp\/v2\/posts\/73265"}],"collection":[{"href":"https:\/\/diariodigitalmx.com\/index.php\/wp-json\/wp\/v2\/posts"}],"about":[{"href":"https:\/\/diariodigitalmx.com\/index.php\/wp-json\/wp\/v2\/types\/post"}],"author":[{"embeddable":true,"href":"https:\/\/diariodigitalmx.com\/index.php\/wp-json\/wp\/v2\/users\/1"}],"replies":[{"embeddable":true,"href":"https:\/\/diariodigitalmx.com\/index.php\/wp-json\/wp\/v2\/comments?post=73265"}],"version-history":[{"count":2,"href":"https:\/\/diariodigitalmx.com\/index.php\/wp-json\/wp\/v2\/posts\/73265\/revisions"}],"predecessor-version":[{"id":73268,"href":"https:\/\/diariodigitalmx.com\/index.php\/wp-json\/wp\/v2\/posts\/73265\/revisions\/73268"}],"wp:featuredmedia":[{"embeddable":true,"href":"https:\/\/diariodigitalmx.com\/index.php\/wp-json\/wp\/v2\/media\/73267"}],"wp:attachment":[{"href":"https:\/\/diariodigitalmx.com\/index.php\/wp-json\/wp\/v2\/media?parent=73265"}],"wp:term":[{"taxonomy":"category","embeddable":true,"href":"https:\/\/diariodigitalmx.com\/index.php\/wp-json\/wp\/v2\/categories?post=73265"},{"taxonomy":"post_tag","embeddable":true,"href":"https:\/\/diariodigitalmx.com\/index.php\/wp-json\/wp\/v2\/tags?post=73265"}],"curies":[{"name":"wp","href":"https:\/\/api.w.org\/{rel}","templated":true}]}}