{"id":73273,"date":"2022-03-23T18:26:19","date_gmt":"2022-03-24T00:26:19","guid":{"rendered":"http:\/\/diariodigitalmx.com\/?p=73273"},"modified":"2022-03-23T18:32:16","modified_gmt":"2022-03-24T00:32:16","slug":"impulsa-escobedo-educacion-firma-convenio-con-facpya","status":"publish","type":"post","link":"https:\/\/diariodigitalmx.com\/index.php\/2022\/03\/23\/impulsa-escobedo-educacion-firma-convenio-con-facpya\/","title":{"rendered":"Impulsa Escobedo educaci\u00f3n; firma convenio con FACPYA"},"content":{"rendered":"\n<figure class=\"wp-block-video\"><video controls src=\"http:\/\/diariodigitalmx.com\/wp-content\/uploads\/2022\/03\/FIRMA-DE-CONVENIO-CON-FACPYA-SALA-DE-CABILDO-MEDIOS-ASPECTOS.mp4\"><\/video><\/figure>\n\n\n\n<p>Para impulsar la educaci\u00f3n en la ciudadan\u00eda y el desarrollo profesional de los estudiantes, el Municipio de Escobedo y la Facultad de Contadur\u00eda P\u00fablica y Administraci\u00f3n (FACPYA) de la Universidad Aut\u00f3noma de Nuevo Le\u00f3n (UANL) firmaron un convenio de colaboraci\u00f3n.<\/p>\n\n\n\n<p>Con este, la Administraci\u00f3n Municipal contin\u00faa formando alianzas para facilitar la vinculaci\u00f3n de los j\u00f3venes con el sector productivo.<\/p>\n\n\n\n<p>Dentro de los objetivos del convenio firmado por el Alcalde de Escobedo, Andr\u00e9s Mijes, y el director de FACPYA, Luis Alberto Villarreal Villarreal, se encuentran el involucrar a alumnos con emprendedores y empresas del Municipio.<\/p>\n\n\n\n<figure class=\"wp-block-image size-large\"><img loading=\"lazy\" decoding=\"async\" width=\"1024\" height=\"683\" src=\"http:\/\/diariodigitalmx.com\/wp-content\/uploads\/2022\/03\/IMG_6161-1024x683.jpg\" alt=\"\" class=\"wp-image-73276\" srcset=\"https:\/\/diariodigitalmx.com\/wp-content\/uploads\/2022\/03\/IMG_6161-1024x683.jpg 1024w, https:\/\/diariodigitalmx.com\/wp-content\/uploads\/2022\/03\/IMG_6161-300x200.jpg 300w, https:\/\/diariodigitalmx.com\/wp-content\/uploads\/2022\/03\/IMG_6161-768x512.jpg 768w, https:\/\/diariodigitalmx.com\/wp-content\/uploads\/2022\/03\/IMG_6161-1536x1024.jpg 1536w, https:\/\/diariodigitalmx.com\/wp-content\/uploads\/2022\/03\/IMG_6161-2048x1365.jpg 2048w\" sizes=\"(max-width: 1024px) 100vw, 1024px\" \/><\/figure>\n\n\n\n<p>Tambi\u00e9n, fomentar que los estudiantes puedan realizar pr\u00e1cticas profesionales en las distintas dependencias municipales.<\/p>\n\n\n\n<p>Adem\u00e1s, para reforzar las aptitudes de los trabajadores del Ayuntamiento, as\u00ed como la atenci\u00f3n a la comunidad, el convenio incluye cursos de capacitaci\u00f3n.<\/p>\n\n\n\n<figure class=\"wp-block-image size-large\"><img loading=\"lazy\" decoding=\"async\" width=\"1024\" height=\"683\" src=\"http:\/\/diariodigitalmx.com\/wp-content\/uploads\/2022\/03\/IMG_6189-1024x683.jpg\" alt=\"\" class=\"wp-image-73279\" srcset=\"https:\/\/diariodigitalmx.com\/wp-content\/uploads\/2022\/03\/IMG_6189-1024x683.jpg 1024w, https:\/\/diariodigitalmx.com\/wp-content\/uploads\/2022\/03\/IMG_6189-300x200.jpg 300w, https:\/\/diariodigitalmx.com\/wp-content\/uploads\/2022\/03\/IMG_6189-768x512.jpg 768w, https:\/\/diariodigitalmx.com\/wp-content\/uploads\/2022\/03\/IMG_6189-1536x1024.jpg 1536w, https:\/\/diariodigitalmx.com\/wp-content\/uploads\/2022\/03\/IMG_6189-2048x1365.jpg 2048w\" sizes=\"(max-width: 1024px) 100vw, 1024px\" \/><\/figure>\n\n\n\n<p>El Alcalde destac\u00f3 lo trascendente de este tipo de acuerdos, pues, dijo, Escobedo est\u00e1 viviendo un boom industrial y la iniciativa privada requerir\u00e1 de profesionistas capacitados.<\/p>\n\n\n\n<p>Por lo que los j\u00f3venes tendr\u00e1n diversas opciones para desarrollarse profesionalmente.&nbsp;<\/p>\n","protected":false},"excerpt":{"rendered":"<p>Para impulsar la educaci\u00f3n en la ciudadan\u00eda y el desarrollo profesional de los estudiantes, el Municipio de Escobedo y la Facultad de Contadur\u00eda P\u00fablica y Administraci\u00f3n (FACPYA) de la Universidad Aut\u00f3noma de Nuevo Le\u00f3n (UANL) firmaron un convenio de colaboraci\u00f3n. Con este, la Administraci\u00f3n Municipal contin\u00faa formando alianzas para facilitar la vinculaci\u00f3n de los j\u00f3venes [&hellip;]<\/p>\n","protected":false},"author":1,"featured_media":73275,"comment_status":"open","ping_status":"open","sticky":true,"template":"","format":"standard","meta":{"footnotes":""},"categories":[6,5],"tags":[],"_links":{"self":[{"href":"https:\/\/diariodigitalmx.com\/index.php\/wp-json\/wp\/v2\/posts\/73273"}],"collection":[{"href":"https:\/\/diariodigitalmx.com\/index.php\/wp-json\/wp\/v2\/posts"}],"about":[{"href":"https:\/\/diariodigitalmx.com\/index.php\/wp-json\/wp\/v2\/types\/post"}],"author":[{"embeddable":true,"href":"https:\/\/diariodigitalmx.com\/index.php\/wp-json\/wp\/v2\/users\/1"}],"replies":[{"embeddable":true,"href":"https:\/\/diariodigitalmx.com\/index.php\/wp-json\/wp\/v2\/comments?post=73273"}],"version-history":[{"count":4,"href":"https:\/\/diariodigitalmx.com\/index.php\/wp-json\/wp\/v2\/posts\/73273\/revisions"}],"predecessor-version":[{"id":73283,"href":"https:\/\/diariodigitalmx.com\/index.php\/wp-json\/wp\/v2\/posts\/73273\/revisions\/73283"}],"wp:featuredmedia":[{"embeddable":true,"href":"https:\/\/diariodigitalmx.com\/index.php\/wp-json\/wp\/v2\/media\/73275"}],"wp:attachment":[{"href":"https:\/\/diariodigitalmx.com\/index.php\/wp-json\/wp\/v2\/media?parent=73273"}],"wp:term":[{"taxonomy":"category","embeddable":true,"href":"https:\/\/diariodigitalmx.com\/index.php\/wp-json\/wp\/v2\/categories?post=73273"},{"taxonomy":"post_tag","embeddable":true,"href":"https:\/\/diariodigitalmx.com\/index.php\/wp-json\/wp\/v2\/tags?post=73273"}],"curies":[{"name":"wp","href":"https:\/\/api.w.org\/{rel}","templated":true}]}}