{"id":73287,"date":"2022-03-23T19:12:58","date_gmt":"2022-03-24T01:12:58","guid":{"rendered":"http:\/\/diariodigitalmx.com\/?p=73287"},"modified":"2022-03-23T19:14:19","modified_gmt":"2022-03-24T01:14:19","slug":"realiza-monterrey-tercera-edicion-de-sus-noches-de-negocios","status":"publish","type":"post","link":"https:\/\/diariodigitalmx.com\/index.php\/2022\/03\/23\/realiza-monterrey-tercera-edicion-de-sus-noches-de-negocios\/","title":{"rendered":"Realiza Monterrey tercera edici\u00f3n de sus \u201cnoches de negocios\u201d"},"content":{"rendered":"\n<p>Con la finalidad de capacitar y asesorar a los empresarios y emprendedores de Monterrey, el Gobierno de la ciudad llev\u00f3 a cabo la tercera edici\u00f3n de las llamadas \u201cMty Business Nights\u201d, donde se brinda orientaci\u00f3n y educaci\u00f3n en distintos rubros para la instalaci\u00f3n y expansi\u00f3n de negocios.<\/p>\n\n\n\n<p>Se busca que los asistentes construyan una red de contactos profesionales, encuentren clientes potenciales y aliados comerciales, adem\u00e1s sirve para que conozcan la oferta de sus competidores y se motiven con las pl\u00e1ticas de los expositores.<\/p>\n\n\n\n<figure class=\"wp-block-image size-large\"><img loading=\"lazy\" decoding=\"async\" width=\"1024\" height=\"682\" src=\"http:\/\/diariodigitalmx.com\/wp-content\/uploads\/2022\/03\/5-1024x682.jpeg\" alt=\"\" class=\"wp-image-73290\" srcset=\"https:\/\/diariodigitalmx.com\/wp-content\/uploads\/2022\/03\/5-1024x682.jpeg 1024w, https:\/\/diariodigitalmx.com\/wp-content\/uploads\/2022\/03\/5-300x200.jpeg 300w, https:\/\/diariodigitalmx.com\/wp-content\/uploads\/2022\/03\/5-768x512.jpeg 768w, https:\/\/diariodigitalmx.com\/wp-content\/uploads\/2022\/03\/5.jpeg 1280w\" sizes=\"(max-width: 1024px) 100vw, 1024px\" \/><\/figure>\n\n\n\n<p>Adem\u00e1s, \u00e9stos encuentros se organizan en espacios estrat\u00e9gicos del centro de Monterrey, lo que a su vez permite fomentar el consumo local.<\/p>\n\n\n\n<p>A la reuni\u00f3n de esta semana llevada a cabo en la terraza \u201cAlmac\u00e9n 43\u201d del Pabell\u00f3n M, asistieron 110 emprendedores, quienes escucharon las experiencias de los ponentes David Sahagun B, CEO de Quiken; Ricardo Cevada, Co-fundador y CEO de Skills for Industry; y de Ignacio \u00c1lvarez, Co-fundador y CEO de Moneypool.<\/p>\n\n\n\n<p>Los especialistas hablaron de c\u00f3mo fue su visi\u00f3n en el aceleramiento de su negocio, cu\u00e1les fueron los mayores retos para sus proyectos, y c\u00f3mo llegaron a ofrecer su producto a las grandes empresas.<\/p>\n\n\n\n<figure class=\"wp-block-image size-large\"><img loading=\"lazy\" decoding=\"async\" width=\"1024\" height=\"682\" src=\"http:\/\/diariodigitalmx.com\/wp-content\/uploads\/2022\/03\/3-2-1024x682.jpeg\" alt=\"\" class=\"wp-image-73292\" srcset=\"https:\/\/diariodigitalmx.com\/wp-content\/uploads\/2022\/03\/3-2-1024x682.jpeg 1024w, https:\/\/diariodigitalmx.com\/wp-content\/uploads\/2022\/03\/3-2-300x200.jpeg 300w, https:\/\/diariodigitalmx.com\/wp-content\/uploads\/2022\/03\/3-2-768x512.jpeg 768w, https:\/\/diariodigitalmx.com\/wp-content\/uploads\/2022\/03\/3-2.jpeg 1280w\" sizes=\"(max-width: 1024px) 100vw, 1024px\" \/><\/figure>\n\n\n\n<p>De esta forma, la Secretar\u00eda de Desarrollo Econ\u00f3mico municipal promueve la colaboraci\u00f3n entre los empresarios regiomontanos, quienes aprovechan esta red para aumentar sus ventas y afianzar sus negocios, contribuyendo as\u00ed al progreso de Monterrey.<\/p>\n","protected":false},"excerpt":{"rendered":"<p>Con la finalidad de capacitar y asesorar a los empresarios y emprendedores de Monterrey, el Gobierno de la ciudad llev\u00f3 a cabo la tercera edici\u00f3n de las llamadas \u201cMty Business Nights\u201d, donde se brinda orientaci\u00f3n y educaci\u00f3n en distintos rubros para la instalaci\u00f3n y expansi\u00f3n de negocios. Se busca que los asistentes construyan una red [&hellip;]<\/p>\n","protected":false},"author":1,"featured_media":73289,"comment_status":"open","ping_status":"open","sticky":true,"template":"","format":"standard","meta":{"footnotes":""},"categories":[14,10],"tags":[],"_links":{"self":[{"href":"https:\/\/diariodigitalmx.com\/index.php\/wp-json\/wp\/v2\/posts\/73287"}],"collection":[{"href":"https:\/\/diariodigitalmx.com\/index.php\/wp-json\/wp\/v2\/posts"}],"about":[{"href":"https:\/\/diariodigitalmx.com\/index.php\/wp-json\/wp\/v2\/types\/post"}],"author":[{"embeddable":true,"href":"https:\/\/diariodigitalmx.com\/index.php\/wp-json\/wp\/v2\/users\/1"}],"replies":[{"embeddable":true,"href":"https:\/\/diariodigitalmx.com\/index.php\/wp-json\/wp\/v2\/comments?post=73287"}],"version-history":[{"count":3,"href":"https:\/\/diariodigitalmx.com\/index.php\/wp-json\/wp\/v2\/posts\/73287\/revisions"}],"predecessor-version":[{"id":73293,"href":"https:\/\/diariodigitalmx.com\/index.php\/wp-json\/wp\/v2\/posts\/73287\/revisions\/73293"}],"wp:featuredmedia":[{"embeddable":true,"href":"https:\/\/diariodigitalmx.com\/index.php\/wp-json\/wp\/v2\/media\/73289"}],"wp:attachment":[{"href":"https:\/\/diariodigitalmx.com\/index.php\/wp-json\/wp\/v2\/media?parent=73287"}],"wp:term":[{"taxonomy":"category","embeddable":true,"href":"https:\/\/diariodigitalmx.com\/index.php\/wp-json\/wp\/v2\/categories?post=73287"},{"taxonomy":"post_tag","embeddable":true,"href":"https:\/\/diariodigitalmx.com\/index.php\/wp-json\/wp\/v2\/tags?post=73287"}],"curies":[{"name":"wp","href":"https:\/\/api.w.org\/{rel}","templated":true}]}}