{"id":73302,"date":"2022-03-23T22:03:19","date_gmt":"2022-03-24T04:03:19","guid":{"rendered":"http:\/\/diariodigitalmx.com\/?p=73302"},"modified":"2022-03-23T22:04:04","modified_gmt":"2022-03-24T04:04:04","slug":"presenta-el-pvem-a-americo-como-su-candidato-oficial-a-la-gubernatura","status":"publish","type":"post","link":"https:\/\/diariodigitalmx.com\/index.php\/2022\/03\/23\/presenta-el-pvem-a-americo-como-su-candidato-oficial-a-la-gubernatura\/","title":{"rendered":"Presenta el PVEM a Am\u00e9rico como su candidato oficial a la gubernatura"},"content":{"rendered":"\n<p>Ciudad de M\u00e9xico.-En sesi\u00f3n de trabajo llevada a cabo en el Comit\u00e9 Ejecutivo Nacional del Partido Verde Ecologista de M\u00e9xico y en presencia del l\u00edder nacional Ecologista, Arturo Escobar y Vega, se llev\u00f3 a cabo la validaci\u00f3n oficial de la candidatura al gobierno del estado de Tamaulipas, en favor del doctor Am\u00e9rico Villarreal Anaya.<\/p>\n\n\n\n<p>&nbsp;\u201cNos llena de emoci\u00f3n hacer este anuncio en donde se da cumplimento a la validaci\u00f3n oficial de la candidatura por parte de este Instituto Pol\u00edtico, en favor del doctor Am\u00e9rico Villarreal Anaya,\u201d se\u00f1al\u00f3 Arturo Escobar y Vega.<\/p>\n\n\n\n<p>Manuel Mu\u00f1oz Cano, dirigente estatal del Verde, se\u00f1al\u00f3 que \u201cEl Verde Tamaulipas ser\u00e1 el principal aliado de MORENA en los 43 municipios del estado y juntos defender\u00e1n el proceso electoral m\u00e1s importante de las \u00faltimas d\u00e9cadas.\u201d<\/p>\n\n\n\n<p>Acompa\u00f1ados tambi\u00e9n del Delegado Nacional del CEN en Tamaulipas, Karl Heinz Becker Hern\u00e1ndez, Mu\u00f1oz Cano se\u00f1al\u00f3 que como parte de los acuerdos a los que se sujetaron los partidos MORENA, VERDE y PT mediante la celebraci\u00f3n del convenio de candidatura com\u00fan a la gubernatura del estado de Tamaulipas, este partido proceder\u00e1 a ratificar a Am\u00e9rico Villarreal Anaya ante de la Comisi\u00f3n Coordinadora de la Candidatura com\u00fan, \u201cJuntos hacemos historia en Tamaulipas\u201d.<\/p>\n","protected":false},"excerpt":{"rendered":"<p>Ciudad de M\u00e9xico.-En sesi\u00f3n de trabajo llevada a cabo en el Comit\u00e9 Ejecutivo Nacional del Partido Verde Ecologista de M\u00e9xico y en presencia del l\u00edder nacional Ecologista, Arturo Escobar y Vega, se llev\u00f3 a cabo la validaci\u00f3n oficial de la candidatura al gobierno del estado de Tamaulipas, en favor del doctor Am\u00e9rico Villarreal Anaya. &nbsp;\u201cNos [&hellip;]<\/p>\n","protected":false},"author":1,"featured_media":73304,"comment_status":"open","ping_status":"open","sticky":true,"template":"","format":"standard","meta":{"footnotes":""},"categories":[5,19],"tags":[],"_links":{"self":[{"href":"https:\/\/diariodigitalmx.com\/index.php\/wp-json\/wp\/v2\/posts\/73302"}],"collection":[{"href":"https:\/\/diariodigitalmx.com\/index.php\/wp-json\/wp\/v2\/posts"}],"about":[{"href":"https:\/\/diariodigitalmx.com\/index.php\/wp-json\/wp\/v2\/types\/post"}],"author":[{"embeddable":true,"href":"https:\/\/diariodigitalmx.com\/index.php\/wp-json\/wp\/v2\/users\/1"}],"replies":[{"embeddable":true,"href":"https:\/\/diariodigitalmx.com\/index.php\/wp-json\/wp\/v2\/comments?post=73302"}],"version-history":[{"count":1,"href":"https:\/\/diariodigitalmx.com\/index.php\/wp-json\/wp\/v2\/posts\/73302\/revisions"}],"predecessor-version":[{"id":73303,"href":"https:\/\/diariodigitalmx.com\/index.php\/wp-json\/wp\/v2\/posts\/73302\/revisions\/73303"}],"wp:featuredmedia":[{"embeddable":true,"href":"https:\/\/diariodigitalmx.com\/index.php\/wp-json\/wp\/v2\/media\/73304"}],"wp:attachment":[{"href":"https:\/\/diariodigitalmx.com\/index.php\/wp-json\/wp\/v2\/media?parent=73302"}],"wp:term":[{"taxonomy":"category","embeddable":true,"href":"https:\/\/diariodigitalmx.com\/index.php\/wp-json\/wp\/v2\/categories?post=73302"},{"taxonomy":"post_tag","embeddable":true,"href":"https:\/\/diariodigitalmx.com\/index.php\/wp-json\/wp\/v2\/tags?post=73302"}],"curies":[{"name":"wp","href":"https:\/\/api.w.org\/{rel}","templated":true}]}}