{"id":73309,"date":"2022-03-24T07:36:30","date_gmt":"2022-03-24T13:36:30","guid":{"rendered":"http:\/\/diariodigitalmx.com\/?p=73309"},"modified":"2022-03-24T07:37:40","modified_gmt":"2022-03-24T13:37:40","slug":"por-cierto-488","status":"publish","type":"post","link":"https:\/\/diariodigitalmx.com\/index.php\/2022\/03\/24\/por-cierto-488\/","title":{"rendered":"Por cierto&#8230;.."},"content":{"rendered":"\n<p>\u00d3scar Tamez Rodr\u00edguez <\/p>\n\n\n\n<p>Nos enteramos por la misma informaci\u00f3n oficial que el guachicoleo creci\u00f3 en M\u00e9xico entre 2019 y 2021. Vaya, no es causa de la pandemia ni de los conservadores. Todo se reduce a que siguen los llamados guachicoleros de cuello blanco, s\u00f3lo que ahora son en formato 4T y no de los neoliberales. Por lo pronto nos deben la transparencia y el combate a la corrupci\u00f3n en Pemex; m\u00e1s cala el robo de combustibles cuando vemos que mientras algunos de la 4T se enriquecen, nosotros pagamos a 25.50 pesos el litro de gasolina\u2026 Nos escribi\u00f3 un lector para pedir que expresemos dos recomendaciones en su nombre respecto al AIFA: 1. Que preguntemos \u00bfd\u00f3nde qued\u00f3 el tren donde se filmaron los funcionarios del gobierno federal recorriendo la ruta al aeropuerto? 2. Siendo un espacio m\u00e1s tur\u00edstico que de aeron\u00e1utica, \u00bfpor qu\u00e9 no poner ah\u00ed el avi\u00f3n de la rifa para la foto del recuerdo y los souvenirs? \u00a1Servido amigo lector!&nbsp;<a>estudiospoliticos.mx@gmail.com<\/a><\/p>\n","protected":false},"excerpt":{"rendered":"<p>\u00d3scar Tamez Rodr\u00edguez Nos enteramos por la misma informaci\u00f3n oficial que el guachicoleo creci\u00f3 en M\u00e9xico entre 2019 y 2021. Vaya, no es causa de la pandemia ni de los conservadores. Todo se reduce a que siguen los llamados guachicoleros de cuello blanco, s\u00f3lo que ahora son en formato 4T y no de los neoliberales. [&hellip;]<\/p>\n","protected":false},"author":1,"featured_media":73311,"comment_status":"open","ping_status":"open","sticky":true,"template":"","format":"standard","meta":{"footnotes":""},"categories":[12,5],"tags":[],"_links":{"self":[{"href":"https:\/\/diariodigitalmx.com\/index.php\/wp-json\/wp\/v2\/posts\/73309"}],"collection":[{"href":"https:\/\/diariodigitalmx.com\/index.php\/wp-json\/wp\/v2\/posts"}],"about":[{"href":"https:\/\/diariodigitalmx.com\/index.php\/wp-json\/wp\/v2\/types\/post"}],"author":[{"embeddable":true,"href":"https:\/\/diariodigitalmx.com\/index.php\/wp-json\/wp\/v2\/users\/1"}],"replies":[{"embeddable":true,"href":"https:\/\/diariodigitalmx.com\/index.php\/wp-json\/wp\/v2\/comments?post=73309"}],"version-history":[{"count":2,"href":"https:\/\/diariodigitalmx.com\/index.php\/wp-json\/wp\/v2\/posts\/73309\/revisions"}],"predecessor-version":[{"id":73313,"href":"https:\/\/diariodigitalmx.com\/index.php\/wp-json\/wp\/v2\/posts\/73309\/revisions\/73313"}],"wp:featuredmedia":[{"embeddable":true,"href":"https:\/\/diariodigitalmx.com\/index.php\/wp-json\/wp\/v2\/media\/73311"}],"wp:attachment":[{"href":"https:\/\/diariodigitalmx.com\/index.php\/wp-json\/wp\/v2\/media?parent=73309"}],"wp:term":[{"taxonomy":"category","embeddable":true,"href":"https:\/\/diariodigitalmx.com\/index.php\/wp-json\/wp\/v2\/categories?post=73309"},{"taxonomy":"post_tag","embeddable":true,"href":"https:\/\/diariodigitalmx.com\/index.php\/wp-json\/wp\/v2\/tags?post=73309"}],"curies":[{"name":"wp","href":"https:\/\/api.w.org\/{rel}","templated":true}]}}