{"id":7331,"date":"2019-07-04T18:51:36","date_gmt":"2019-07-04T23:51:36","guid":{"rendered":"http:\/\/diariodigitalmx.com\/?p=7331"},"modified":"2019-07-04T18:55:04","modified_gmt":"2019-07-04T23:55:04","slug":"carambola-vehicular-al-sur-de-monterrey","status":"publish","type":"post","link":"https:\/\/diariodigitalmx.com\/index.php\/2019\/07\/04\/carambola-vehicular-al-sur-de-monterrey\/","title":{"rendered":"Carambola veh\u00edcular al sur de Monterrey"},"content":{"rendered":"\n<p>Jessica Leal<\/p>\n\n\n\n<p>Por lo menos 25 veh\u00edculos resultaron da\u00f1ados tras chocar en la Avenida Garza Sada y 2 de abril al sur de Monterrey.<\/p>\n\n\n\n<p>Los carriles de sur a norte de la avenida debieron ser cerrados a la circulaci\u00f3n debido al accidente y de acuerdo a las autoridades de tr\u00e1nsito el pavimento se encontraba resbaladizo debido a la presencia de una ligera llovizna en la zona lo que provoc\u00f3 la enorme colisi\u00f3n.<\/p>\n\n\n\n<p>Asimismo, a la ligera lluvia que se present\u00f3 en el sur de la ciudad, se uni\u00f3 el aceite que los veh\u00edculos tiran a su paso diario y con ello se convirti\u00f3 en un resbaladero la avenida.<\/p>\n\n\n\n<p>Esta es la primera colisi\u00f3n vehicular carambola que se registra en Monterrey, pues todas las que se tienen reportadas en fechas anteriores, principalmente en temporada invernal son en la carretera a Saltillo, al poniente.<\/p>\n\n\n\n<p>El caos vehicular se present\u00f3 en esa \u00e1rea pues se registr\u00f3 la colisi\u00f3n en hora pico, por lo que hubo necesidad de que se encontraran salidas a los automovilistas mientras peritos, agentes de seguros y tr\u00e1nsitos realizaban la correspondiente laboral.<\/p>\n\n\n\n<p>No se reportaron personas lesionadas y solamente los veh\u00edculos afectados en sus carrocer\u00edas.<\/p>\n\n\n\n<ul class=\"wp-block-gallery columns-1 is-cropped wp-block-gallery-1 is-layout-flex wp-block-gallery-is-layout-flex\"><li class=\"blocks-gallery-item\"><figure><img loading=\"lazy\" decoding=\"async\" width=\"1024\" height=\"512\" src=\"http:\/\/diariodigitalmx.com\/wp-content\/uploads\/2019\/07\/carambola1-1024x512.jpeg\" alt=\"\" data-id=\"7335\" data-link=\"http:\/\/diariodigitalmx.com\/index.php\/2019\/07\/04\/carambola-vehicular-al-sur-de-monterrey\/carambola1\/\" class=\"wp-image-7335\" srcset=\"https:\/\/diariodigitalmx.com\/wp-content\/uploads\/2019\/07\/carambola1-1024x512.jpeg 1024w, https:\/\/diariodigitalmx.com\/wp-content\/uploads\/2019\/07\/carambola1-300x150.jpeg 300w, https:\/\/diariodigitalmx.com\/wp-content\/uploads\/2019\/07\/carambola1-768x384.jpeg 768w, https:\/\/diariodigitalmx.com\/wp-content\/uploads\/2019\/07\/carambola1.jpeg 1280w\" sizes=\"(max-width: 1024px) 100vw, 1024px\" \/><\/figure><\/li><\/ul>\n\n\n\n<ul class=\"wp-block-gallery columns-1 is-cropped wp-block-gallery-2 is-layout-flex wp-block-gallery-is-layout-flex\"><li class=\"blocks-gallery-item\"><figure><img loading=\"lazy\" decoding=\"async\" width=\"940\" height=\"615\" src=\"http:\/\/diariodigitalmx.com\/wp-content\/uploads\/2019\/07\/Carambola.jpeg\" alt=\"\" data-id=\"7338\" data-link=\"http:\/\/diariodigitalmx.com\/index.php\/2019\/07\/04\/carambola-vehicular-al-sur-de-monterrey\/carambola\/\" class=\"wp-image-7338\" srcset=\"https:\/\/diariodigitalmx.com\/wp-content\/uploads\/2019\/07\/Carambola.jpeg 940w, https:\/\/diariodigitalmx.com\/wp-content\/uploads\/2019\/07\/Carambola-300x196.jpeg 300w, https:\/\/diariodigitalmx.com\/wp-content\/uploads\/2019\/07\/Carambola-768x502.jpeg 768w\" sizes=\"(max-width: 940px) 100vw, 940px\" \/><\/figure><\/li><\/ul>\n\n\n\n<figure class=\"wp-block-video\"><video controls src=\"blob:http:\/\/diariodigitalmx.com\/744d9270-dbd2-41cb-a6d1-cb15e3949f15\"><\/video><\/figure>\n","protected":false},"excerpt":{"rendered":"<p>Jessica Leal Por lo menos 25 veh\u00edculos resultaron da\u00f1ados tras chocar en la Avenida Garza Sada y 2 de abril al sur de Monterrey. Los carriles de sur a norte de la avenida debieron ser cerrados a la circulaci\u00f3n debido al accidente y de acuerdo a las autoridades de tr\u00e1nsito el pavimento se encontraba resbaladizo [&hellip;]<\/p>\n","protected":false},"author":1,"featured_media":7341,"comment_status":"open","ping_status":"open","sticky":true,"template":"","format":"standard","meta":{"footnotes":""},"categories":[6],"tags":[],"_links":{"self":[{"href":"https:\/\/diariodigitalmx.com\/index.php\/wp-json\/wp\/v2\/posts\/7331"}],"collection":[{"href":"https:\/\/diariodigitalmx.com\/index.php\/wp-json\/wp\/v2\/posts"}],"about":[{"href":"https:\/\/diariodigitalmx.com\/index.php\/wp-json\/wp\/v2\/types\/post"}],"author":[{"embeddable":true,"href":"https:\/\/diariodigitalmx.com\/index.php\/wp-json\/wp\/v2\/users\/1"}],"replies":[{"embeddable":true,"href":"https:\/\/diariodigitalmx.com\/index.php\/wp-json\/wp\/v2\/comments?post=7331"}],"version-history":[{"count":5,"href":"https:\/\/diariodigitalmx.com\/index.php\/wp-json\/wp\/v2\/posts\/7331\/revisions"}],"predecessor-version":[{"id":7343,"href":"https:\/\/diariodigitalmx.com\/index.php\/wp-json\/wp\/v2\/posts\/7331\/revisions\/7343"}],"wp:featuredmedia":[{"embeddable":true,"href":"https:\/\/diariodigitalmx.com\/index.php\/wp-json\/wp\/v2\/media\/7341"}],"wp:attachment":[{"href":"https:\/\/diariodigitalmx.com\/index.php\/wp-json\/wp\/v2\/media?parent=7331"}],"wp:term":[{"taxonomy":"category","embeddable":true,"href":"https:\/\/diariodigitalmx.com\/index.php\/wp-json\/wp\/v2\/categories?post=7331"},{"taxonomy":"post_tag","embeddable":true,"href":"https:\/\/diariodigitalmx.com\/index.php\/wp-json\/wp\/v2\/tags?post=7331"}],"curies":[{"name":"wp","href":"https:\/\/api.w.org\/{rel}","templated":true}]}}