{"id":73359,"date":"2022-03-24T22:01:19","date_gmt":"2022-03-25T04:01:19","guid":{"rendered":"http:\/\/diariodigitalmx.com\/?p=73359"},"modified":"2022-03-24T22:01:47","modified_gmt":"2022-03-25T04:01:47","slug":"aprueban-reforma-en-lo-oscurito","status":"publish","type":"post","link":"https:\/\/diariodigitalmx.com\/index.php\/2022\/03\/24\/aprueban-reforma-en-lo-oscurito\/","title":{"rendered":"Aprueban Reforma en \u201clo oscurito\u201d"},"content":{"rendered":"\n<p><\/p>\n\n\n\n<p>Por Salvador Hern\u00e1ndez <strong><em>LANDEROS<\/em><\/strong><\/p>\n\n\n\n<p>La Constituci\u00f3n de NL es una Ley Suprema. <strong><em>\u00bfEntonces, c\u00f3mo explicar que se lleve a cabo su procedencia, s\u00f3lo, en \u201clo oscurito\u201d, con l\u00edderes del Congreso local?<\/em><\/strong><\/p>\n\n\n\n<p>Aprobar por unanimidad y sin ning\u00fan ajuste a la iniciativa propuesta por el gobernador, <strong><em>despierta el sospechosismo como para preguntar, \u00bfa cambio de qu\u00e9?<\/em><\/strong><\/p>\n\n\n\n<p>El documento, que contiene 223 Art\u00edculos y 5 transitorios, <strong><em>fue aprobado por los legisladores locales en solo dos semanas. \u00bfqu\u00e9 prisa hay? \u00bfa qui\u00e9n benefician?<\/em><\/strong><\/p>\n\n\n\n<p>La Constituci\u00f3n es del pueblo y para el pueblo, <strong><em>no s\u00f3lo para los lideres de los partidos pol\u00edticos y el grupo de diputados que integran el Congreso estatal<\/em><\/strong>.<\/p>\n\n\n\n<p><strong><em>Con todo respeto para los integrantes de la presente Legislatura, pero, de acuerdo a sus perfiles, el 80 por ciento de ellos no cuentan con la capacidad ni cultura jur\u00eddica para intervenir en la elaboraci\u00f3n de una nueva Ley Suprema. Es la realidad<\/em><\/strong>.<\/p>\n\n\n\n<p>El presidente de la Comisi\u00f3n de Puntos Constitucionales, H\u00e9ctor Garc\u00eda, <strong><em>considera que la aprobaci\u00f3n de la Reforma en la primera vuelta es un acto hist\u00f3rico<\/em><\/strong>.<\/p>\n\n\n\n<p>Si en verdad se pretende que sea algo hist\u00f3rico, <strong><em>se debe convocar a todos los sectores y ciudadanos se Nuevo Le\u00f3n y no andar con triunfalismos adelantados<\/em><\/strong>.<\/p>\n\n\n\n<p>Si se trata de hacer historia, bien valdr\u00eda hacer llegar el documento a los colegios de abogados constitucionalistas, universidades, tecnol\u00f3gicos y l\u00edderes de la sociedad civil y con amplia difusi\u00f3n plural<strong><em>. S\u00f3lo transparencia y decencia<\/em><\/strong><\/p>\n\n\n\n<p><a href=\"mailto:chavalolanderos@yahoo.com.mx\">chavalolanderos@yahoo.com.mx<\/a><\/p>\n","protected":false},"excerpt":{"rendered":"<p>Por Salvador Hern\u00e1ndez LANDEROS La Constituci\u00f3n de NL es una Ley Suprema. \u00bfEntonces, c\u00f3mo explicar que se lleve a cabo su procedencia, s\u00f3lo, en \u201clo oscurito\u201d, con l\u00edderes del Congreso local? Aprobar por unanimidad y sin ning\u00fan ajuste a la iniciativa propuesta por el gobernador, despierta el sospechosismo como para preguntar, \u00bfa cambio de qu\u00e9? [&hellip;]<\/p>\n","protected":false},"author":1,"featured_media":73361,"comment_status":"open","ping_status":"open","sticky":true,"template":"","format":"standard","meta":{"footnotes":""},"categories":[12,5],"tags":[],"_links":{"self":[{"href":"https:\/\/diariodigitalmx.com\/index.php\/wp-json\/wp\/v2\/posts\/73359"}],"collection":[{"href":"https:\/\/diariodigitalmx.com\/index.php\/wp-json\/wp\/v2\/posts"}],"about":[{"href":"https:\/\/diariodigitalmx.com\/index.php\/wp-json\/wp\/v2\/types\/post"}],"author":[{"embeddable":true,"href":"https:\/\/diariodigitalmx.com\/index.php\/wp-json\/wp\/v2\/users\/1"}],"replies":[{"embeddable":true,"href":"https:\/\/diariodigitalmx.com\/index.php\/wp-json\/wp\/v2\/comments?post=73359"}],"version-history":[{"count":1,"href":"https:\/\/diariodigitalmx.com\/index.php\/wp-json\/wp\/v2\/posts\/73359\/revisions"}],"predecessor-version":[{"id":73360,"href":"https:\/\/diariodigitalmx.com\/index.php\/wp-json\/wp\/v2\/posts\/73359\/revisions\/73360"}],"wp:featuredmedia":[{"embeddable":true,"href":"https:\/\/diariodigitalmx.com\/index.php\/wp-json\/wp\/v2\/media\/73361"}],"wp:attachment":[{"href":"https:\/\/diariodigitalmx.com\/index.php\/wp-json\/wp\/v2\/media?parent=73359"}],"wp:term":[{"taxonomy":"category","embeddable":true,"href":"https:\/\/diariodigitalmx.com\/index.php\/wp-json\/wp\/v2\/categories?post=73359"},{"taxonomy":"post_tag","embeddable":true,"href":"https:\/\/diariodigitalmx.com\/index.php\/wp-json\/wp\/v2\/tags?post=73359"}],"curies":[{"name":"wp","href":"https:\/\/api.w.org\/{rel}","templated":true}]}}