{"id":73363,"date":"2022-03-24T22:08:26","date_gmt":"2022-03-25T04:08:26","guid":{"rendered":"http:\/\/diariodigitalmx.com\/?p=73363"},"modified":"2022-03-24T22:08:55","modified_gmt":"2022-03-25T04:08:55","slug":"presentan-cargos-contra-lider-del-cdg-aguarda-extradicion-a-eu","status":"publish","type":"post","link":"https:\/\/diariodigitalmx.com\/index.php\/2022\/03\/24\/presentan-cargos-contra-lider-del-cdg-aguarda-extradicion-a-eu\/","title":{"rendered":"Presentan cargos contra l\u00edder del CDG, aguarda extradici\u00f3n a EU"},"content":{"rendered":"\n<p>Por Rogelio Romero<\/p>\n\n\n\n<p>Brownsville, Texas.- Un jurado federal finc\u00f3 cargos por narcotr\u00e1fico contra el l\u00edder del grupo criminal CDG, Jos\u00e9 Alfredo C\u00e1rdenas Mart\u00ednez, alias \u201cEl Contador\u201d y cuyo proceso legal de extradici\u00f3n a Estados Unidos se encuentra en curso seg\u00fan inform\u00f3 la Fiscal Federal de Justicia para el Sureste de Texas Jeniffer B. Lowery.<\/p>\n\n\n\n<p>Tras analizar los cargos de la acusaci\u00f3n presentada por la fiscal\u00eda el pasado 10 de noviembre del 2021, el jurado decidi\u00f3 proceder con el procedimiento penal para que el indiciado sea juzgado en Estados Unidos.<\/p>\n\n\n\n<p>C\u00e1rdenas Mart\u00ednez fue el l\u00edder del C\u00e1rtel del Golfo del 2015 hasta el 2021, y tom\u00f3 el control de la organizaci\u00f3n criminal tras el arresto de Eduardo Costilla S\u00e1nchez conocido en el mundo del hampa por el sobrenombre de \u201cEl Coss\u201d.<\/p>\n\n\n\n<p>C\u00e1rdenas Mart\u00ednez es tambi\u00e9n sobrino de otro ex cabecilla del grupo criminal (Osiel C\u00e1rdenas Guillen) quien purga actualmente una condena por narcotr\u00e1fico&nbsp; internacional en una prisi\u00f3n federal de Houston.<\/p>\n\n\n\n<p>Los cargos contra el indiciado son por conspiraci\u00f3n internacional para distribuir coca\u00edna y fentanilo, esto durante el tiempo que estuvo al frente del grupo delictivo.<\/p>\n\n\n\n<p>Otros cargos por drogas son por distribuci\u00f3n de 50 kilos o m\u00e1s de metanfetaminas, durante un periodo de seis a\u00f1os.<\/p>\n\n\n\n<p>La fiscal Lowery agradeci\u00f3 la colaboraci\u00f3n de las autoridades federales mexicanas para lograr la captura de \u201cEl Contador\u201d, y se\u00f1al\u00f3. que esto era un severo golpe a la organizaci\u00f3n delictiva que opera desde la ciudad fronteriza de Matamoros, en el estado de Tamaulipas.<\/p>\n\n\n\n<p>Si es encontrado culpable el acusado, este podr\u00eda enfrentar una sentencia de cadena perpetua y una sanci\u00f3n econ\u00f3mica&nbsp; de 10 millones de d\u00f3lares.<\/p>\n","protected":false},"excerpt":{"rendered":"<p>Por Rogelio Romero Brownsville, Texas.- Un jurado federal finc\u00f3 cargos por narcotr\u00e1fico contra el l\u00edder del grupo criminal CDG, Jos\u00e9 Alfredo C\u00e1rdenas Mart\u00ednez, alias \u201cEl Contador\u201d y cuyo proceso legal de extradici\u00f3n a Estados Unidos se encuentra en curso seg\u00fan inform\u00f3 la Fiscal Federal de Justicia para el Sureste de Texas Jeniffer B. Lowery. Tras [&hellip;]<\/p>\n","protected":false},"author":1,"featured_media":73365,"comment_status":"open","ping_status":"open","sticky":true,"template":"","format":"standard","meta":{"footnotes":""},"categories":[4,5],"tags":[],"_links":{"self":[{"href":"https:\/\/diariodigitalmx.com\/index.php\/wp-json\/wp\/v2\/posts\/73363"}],"collection":[{"href":"https:\/\/diariodigitalmx.com\/index.php\/wp-json\/wp\/v2\/posts"}],"about":[{"href":"https:\/\/diariodigitalmx.com\/index.php\/wp-json\/wp\/v2\/types\/post"}],"author":[{"embeddable":true,"href":"https:\/\/diariodigitalmx.com\/index.php\/wp-json\/wp\/v2\/users\/1"}],"replies":[{"embeddable":true,"href":"https:\/\/diariodigitalmx.com\/index.php\/wp-json\/wp\/v2\/comments?post=73363"}],"version-history":[{"count":1,"href":"https:\/\/diariodigitalmx.com\/index.php\/wp-json\/wp\/v2\/posts\/73363\/revisions"}],"predecessor-version":[{"id":73364,"href":"https:\/\/diariodigitalmx.com\/index.php\/wp-json\/wp\/v2\/posts\/73363\/revisions\/73364"}],"wp:featuredmedia":[{"embeddable":true,"href":"https:\/\/diariodigitalmx.com\/index.php\/wp-json\/wp\/v2\/media\/73365"}],"wp:attachment":[{"href":"https:\/\/diariodigitalmx.com\/index.php\/wp-json\/wp\/v2\/media?parent=73363"}],"wp:term":[{"taxonomy":"category","embeddable":true,"href":"https:\/\/diariodigitalmx.com\/index.php\/wp-json\/wp\/v2\/categories?post=73363"},{"taxonomy":"post_tag","embeddable":true,"href":"https:\/\/diariodigitalmx.com\/index.php\/wp-json\/wp\/v2\/tags?post=73363"}],"curies":[{"name":"wp","href":"https:\/\/api.w.org\/{rel}","templated":true}]}}