{"id":73366,"date":"2022-03-24T22:21:55","date_gmt":"2022-03-25T04:21:55","guid":{"rendered":"http:\/\/diariodigitalmx.com\/?p=73366"},"modified":"2022-03-24T22:23:56","modified_gmt":"2022-03-25T04:23:56","slug":"reinician-programa-escuelas-al-congreso","status":"publish","type":"post","link":"https:\/\/diariodigitalmx.com\/index.php\/2022\/03\/24\/reinician-programa-escuelas-al-congreso\/","title":{"rendered":"Reinician programa &#8220;Escuelas al Congreso&#8221;"},"content":{"rendered":"\n<p>Monterrey- Con el objetivo de promover la participaci\u00f3n c\u00edvica de ni\u00f1os, ni\u00f1as y adolescentes, y que conozcan las actividades que realizan los representantes de los ciudadanos, la Diputada local de Acci\u00f3n Nacional, Myrna Grimaldo Iracheta, reinici\u00f3 el programa \u201cEscuelas al Congreso\u201d, en el que adem\u00e1s promueve que los alumnos donen taparroscas, que depositan en un coraz\u00f3n met\u00e1lico instalado frente al edificio legislativo, para brindar apoyo en quimioterapias a menores con c\u00e1ncer.<\/p>\n\n\n\n<figure class=\"wp-block-image size-large\"><img loading=\"lazy\" decoding=\"async\" width=\"799\" height=\"533\" src=\"http:\/\/diariodigitalmx.com\/wp-content\/uploads\/2022\/03\/IMG-20220324-WA0037.jpg\" alt=\"\" class=\"wp-image-73369\" srcset=\"https:\/\/diariodigitalmx.com\/wp-content\/uploads\/2022\/03\/IMG-20220324-WA0037.jpg 799w, https:\/\/diariodigitalmx.com\/wp-content\/uploads\/2022\/03\/IMG-20220324-WA0037-300x200.jpg 300w, https:\/\/diariodigitalmx.com\/wp-content\/uploads\/2022\/03\/IMG-20220324-WA0037-768x512.jpg 768w\" sizes=\"(max-width: 799px) 100vw, 799px\" \/><\/figure>\n\n\n\n<p>En la reinauguraci\u00f3n de este programa de visitas escolares guiadas al Congreso de Nuevo Le\u00f3n, con causa social, en la que los estudiantes de los planteles participan en la acci\u00f3n de reciclaje de \u201ctapitas\u201d, para apoyar a la asociaci\u00f3n civil \u201cAlianza Antic\u00e1ncer Infantil\u201d que ayuda a ni\u00f1os que requieren tratamientos de Quimio y Radioterapia, la Diputada panista encabez\u00f3 el ingreso\u00a0 al recinto legislativo de 35 alumnos de la Escuela Primaria \u201cDerechos del Ni\u00f1o Neolon\u00e9s\u201d.<\/p>\n\n\n\n<figure class=\"wp-block-gallery columns-3 is-cropped wp-block-gallery-1 is-layout-flex wp-block-gallery-is-layout-flex\"><ul class=\"blocks-gallery-grid\"><li class=\"blocks-gallery-item\"><figure><img loading=\"lazy\" decoding=\"async\" width=\"1024\" height=\"682\" src=\"http:\/\/diariodigitalmx.com\/wp-content\/uploads\/2022\/03\/IMG-20220324-WA0036-1024x682.jpg\" alt=\"\" data-id=\"73371\" data-link=\"http:\/\/diariodigitalmx.com\/index.php\/2022\/03\/24\/reinician-programa-escuelas-al-congreso\/img-20220324-wa0036\/\" class=\"wp-image-73371\" srcset=\"https:\/\/diariodigitalmx.com\/wp-content\/uploads\/2022\/03\/IMG-20220324-WA0036-1024x682.jpg 1024w, https:\/\/diariodigitalmx.com\/wp-content\/uploads\/2022\/03\/IMG-20220324-WA0036-300x200.jpg 300w, https:\/\/diariodigitalmx.com\/wp-content\/uploads\/2022\/03\/IMG-20220324-WA0036-768x512.jpg 768w, https:\/\/diariodigitalmx.com\/wp-content\/uploads\/2022\/03\/IMG-20220324-WA0036.jpg 1280w\" sizes=\"(max-width: 1024px) 100vw, 1024px\" \/><\/figure><\/li><li class=\"blocks-gallery-item\"><figure><img loading=\"lazy\" decoding=\"async\" width=\"1024\" height=\"683\" src=\"http:\/\/diariodigitalmx.com\/wp-content\/uploads\/2022\/03\/IMG-20220324-WA0035.jpg\" alt=\"\" data-id=\"73372\" data-link=\"http:\/\/diariodigitalmx.com\/index.php\/2022\/03\/24\/reinician-programa-escuelas-al-congreso\/img-20220324-wa0035\/\" class=\"wp-image-73372\" srcset=\"https:\/\/diariodigitalmx.com\/wp-content\/uploads\/2022\/03\/IMG-20220324-WA0035.jpg 1024w, https:\/\/diariodigitalmx.com\/wp-content\/uploads\/2022\/03\/IMG-20220324-WA0035-300x200.jpg 300w, https:\/\/diariodigitalmx.com\/wp-content\/uploads\/2022\/03\/IMG-20220324-WA0035-768x512.jpg 768w\" sizes=\"(max-width: 1024px) 100vw, 1024px\" \/><\/figure><\/li><li class=\"blocks-gallery-item\"><figure><img loading=\"lazy\" decoding=\"async\" width=\"1024\" height=\"682\" src=\"http:\/\/diariodigitalmx.com\/wp-content\/uploads\/2022\/03\/IMG-20220324-WA0033-1024x682.jpg\" alt=\"\" data-id=\"73374\" data-full-url=\"http:\/\/diariodigitalmx.com\/wp-content\/uploads\/2022\/03\/IMG-20220324-WA0033.jpg\" data-link=\"http:\/\/diariodigitalmx.com\/index.php\/2022\/03\/24\/reinician-programa-escuelas-al-congreso\/img-20220324-wa0033\/\" class=\"wp-image-73374\" srcset=\"https:\/\/diariodigitalmx.com\/wp-content\/uploads\/2022\/03\/IMG-20220324-WA0033-1024x682.jpg 1024w, https:\/\/diariodigitalmx.com\/wp-content\/uploads\/2022\/03\/IMG-20220324-WA0033-300x200.jpg 300w, https:\/\/diariodigitalmx.com\/wp-content\/uploads\/2022\/03\/IMG-20220324-WA0033-768x512.jpg 768w, https:\/\/diariodigitalmx.com\/wp-content\/uploads\/2022\/03\/IMG-20220324-WA0033.jpg 1280w\" sizes=\"(max-width: 1024px) 100vw, 1024px\" \/><\/figure><\/li><\/ul><\/figure>\n\n\n\n<p>Despu\u00e9s de dos a\u00f1os de las restricciones ocasionadas por la pandemia del Covid19, los estudiantes de esta escuela p\u00fablica, ubicada en la calle Can Mayor 9215 del sector San Bernab\u00e9 (Fomerrey 105) de Monterrey, fueron los primeros en entrar al Congreso del Estado, gracias al programa \u201cEscuelas al Congreso\u201d que impulsa la Legisladora Myrna Grimaldo desde el a\u00f1o 2017.&nbsp;<\/p>\n","protected":false},"excerpt":{"rendered":"<p>Monterrey- Con el objetivo de promover la participaci\u00f3n c\u00edvica de ni\u00f1os, ni\u00f1as y adolescentes, y que conozcan las actividades que realizan los representantes de los ciudadanos, la Diputada local de Acci\u00f3n Nacional, Myrna Grimaldo Iracheta, reinici\u00f3 el programa \u201cEscuelas al Congreso\u201d, en el que adem\u00e1s promueve que los alumnos donen taparroscas, que depositan en un [&hellip;]<\/p>\n","protected":false},"author":1,"featured_media":73368,"comment_status":"open","ping_status":"open","sticky":true,"template":"","format":"standard","meta":{"footnotes":""},"categories":[6,5],"tags":[],"_links":{"self":[{"href":"https:\/\/diariodigitalmx.com\/index.php\/wp-json\/wp\/v2\/posts\/73366"}],"collection":[{"href":"https:\/\/diariodigitalmx.com\/index.php\/wp-json\/wp\/v2\/posts"}],"about":[{"href":"https:\/\/diariodigitalmx.com\/index.php\/wp-json\/wp\/v2\/types\/post"}],"author":[{"embeddable":true,"href":"https:\/\/diariodigitalmx.com\/index.php\/wp-json\/wp\/v2\/users\/1"}],"replies":[{"embeddable":true,"href":"https:\/\/diariodigitalmx.com\/index.php\/wp-json\/wp\/v2\/comments?post=73366"}],"version-history":[{"count":4,"href":"https:\/\/diariodigitalmx.com\/index.php\/wp-json\/wp\/v2\/posts\/73366\/revisions"}],"predecessor-version":[{"id":73375,"href":"https:\/\/diariodigitalmx.com\/index.php\/wp-json\/wp\/v2\/posts\/73366\/revisions\/73375"}],"wp:featuredmedia":[{"embeddable":true,"href":"https:\/\/diariodigitalmx.com\/index.php\/wp-json\/wp\/v2\/media\/73368"}],"wp:attachment":[{"href":"https:\/\/diariodigitalmx.com\/index.php\/wp-json\/wp\/v2\/media?parent=73366"}],"wp:term":[{"taxonomy":"category","embeddable":true,"href":"https:\/\/diariodigitalmx.com\/index.php\/wp-json\/wp\/v2\/categories?post=73366"},{"taxonomy":"post_tag","embeddable":true,"href":"https:\/\/diariodigitalmx.com\/index.php\/wp-json\/wp\/v2\/tags?post=73366"}],"curies":[{"name":"wp","href":"https:\/\/api.w.org\/{rel}","templated":true}]}}