{"id":73379,"date":"2022-03-25T07:04:29","date_gmt":"2022-03-25T13:04:29","guid":{"rendered":"http:\/\/diariodigitalmx.com\/?p=73379"},"modified":"2022-03-25T07:05:34","modified_gmt":"2022-03-25T13:05:34","slug":"politica-exterior","status":"publish","type":"post","link":"https:\/\/diariodigitalmx.com\/index.php\/2022\/03\/25\/politica-exterior\/","title":{"rendered":"Pol\u00edtica exterior"},"content":{"rendered":"\n<p>\u00d3scar Tamez Rodr\u00edguez <\/p>\n\n\n\n<p>En M\u00e9xico, la pol\u00edtica exterior se basa en el respeto a la autodeterminaci\u00f3n y la soberan\u00eda de los pueblos, en la no intervenci\u00f3n y en apoyar refugiados o exiliados de naciones en convulsi\u00f3n, es el caso de espa\u00f1oles, argentinos, chilenos.<\/p>\n\n\n\n<p>A trav\u00e9s de los tiempos, el gobierno ha cuidado las formas para no tomar partido en los conflictos entre naciones y en su caso, intervenir en favor de los derechos humanos.<\/p>\n\n\n\n<p>Durante la segunda guerra mundial la neutralidad mexicana permaneci\u00f3 hasta el momento en que se atent\u00f3 contra la soberan\u00eda y se hundieron algunos buques en aguas nacionales.<\/p>\n\n\n\n<p>La versi\u00f3n oficial se\u00f1ala que fueron las fuerzas del eje quienes atacaron, la versi\u00f3n extraoficial establece que fue EUA quien atac\u00f3 con el fin de motivar al presidente para salir de la neutralidad y tomar partido en las acciones b\u00e9licas.<\/p>\n\n\n\n<p>As\u00ed el escuadr\u00f3n 201 se incorpor\u00f3 a la flota a\u00e9rea de los aliados y contra las fuerzas del eje, su paso fue ef\u00edmero pero lo destacable es la actuaci\u00f3n de M\u00e9xico en el conflicto mundial.<\/p>\n\n\n\n<p>Recientemente, en enero, el gobierno refrend\u00f3 el respeto a la autodeterminaci\u00f3n y la soberan\u00eda de los pueblos en el caso de la toma de protesta del presidente Daniel Ortega en Nicaragua, su cuarto mandato presidencial y empa\u00f1ado por la falta de democracia y la presencia de un r\u00e9gimen autoritario.<\/p>\n\n\n\n<p>En otro momento cuestion\u00f3 los bloqueos norteamericanos a Cuba y las sanciones a Venezuela. Es decir, ante situaciones que podr\u00edan entenderse como similares en materia de pol\u00edtica exterior y con relaci\u00f3n a la autodeterminaci\u00f3n de los pueblos, el gobierno federal ha tomado posiciones diferentes.<\/p>\n\n\n\n<p>Durante la semana por terminar, el partido del trabajo (PT) anuncia, presume y realiza una reuni\u00f3n con el diplom\u00e1tico de Rusia en apoyo a esa naci\u00f3n. El hecho por s\u00ed solo es aberrante, pone en riesgo la pol\u00edtica exterior mexicana, rompe con la neutralidad de nuestra diplomacia y es contraria a los derechos humanos internacionales.<\/p>\n\n\n\n<p>Que un partido pol\u00edtico apoye abiertamente la pol\u00edtica militar de invasi\u00f3n y guerra de una naci\u00f3n sobre otra, atenta contra los postulados de la pol\u00edtica exterior mexicana, si ese partido, como en el caso del PT, es filial, aliado, af\u00edn o subordinado al gobierno federal, el mensaje se agrava.<\/p>\n\n\n\n<p>Para nada es secreto que el PT es ideol\u00f3gicamente de izquierda socialista radical, de ideolog\u00eda igualitaria y cercano al pensamiento sovi\u00e9tico de la mitad del siglo XX, basta ver en su logotipo con emblemas de la extinta uni\u00f3n sovi\u00e9tica.<\/p>\n\n\n\n<p>La acci\u00f3n del partido es retadora, rompe con los derechos humanos internacionales y es pol\u00edticamente incorrecta, manifestar el apoyo abierto a una naci\u00f3n invasora, y con prop\u00f3sitos de conquista y exterminio a otra naci\u00f3n habla muy mal de la ideolog\u00eda y valores del partido en cuesti\u00f3n.<\/p>\n\n\n\n<p>Agreguemos que por ser cercano al actual gobierno federal, sus actos se asumen como validados por el gobierno y sus representantes.&nbsp;<\/p>\n\n\n\n<p>En s\u00edntesis, el gobierno de la 4T es abiertamente pro socialista, af\u00edn ideol\u00f3gicamente al socialismo basado en dictaduras de Estado y no a la socialdemocracia de otras naciones de izquierda.<\/p>\n\n\n\n<p>El PT no enga\u00f1a al exhibirse como socialista con afinidad rusa, lo lamentable es que M\u00e9xico, siendo una naci\u00f3n democr\u00e1tica, respetuosa de los pueblos, promotora de los derechos humanos internacionales y defensora, en otro momento, de las v\u00edctimas de dictaduras, hoy se asuma abiertamente como af\u00edn a un totalitarismo militar.<\/p>\n\n\n\n<p>\u00bfEs momento de expresarle al gobierno el repudio a su pol\u00edtica exterior y a la visi\u00f3n del Estado mexicano la cual, lejos de ser de izquierda es de radicalismos autoritarios?, \u00bfRevocaci\u00f3n?<\/p>\n","protected":false},"excerpt":{"rendered":"<p>\u00d3scar Tamez Rodr\u00edguez En M\u00e9xico, la pol\u00edtica exterior se basa en el respeto a la autodeterminaci\u00f3n y la soberan\u00eda de los pueblos, en la no intervenci\u00f3n y en apoyar refugiados o exiliados de naciones en convulsi\u00f3n, es el caso de espa\u00f1oles, argentinos, chilenos. A trav\u00e9s de los tiempos, el gobierno ha cuidado las formas para [&hellip;]<\/p>\n","protected":false},"author":1,"featured_media":73381,"comment_status":"open","ping_status":"open","sticky":true,"template":"","format":"standard","meta":{"footnotes":""},"categories":[12,5],"tags":[],"_links":{"self":[{"href":"https:\/\/diariodigitalmx.com\/index.php\/wp-json\/wp\/v2\/posts\/73379"}],"collection":[{"href":"https:\/\/diariodigitalmx.com\/index.php\/wp-json\/wp\/v2\/posts"}],"about":[{"href":"https:\/\/diariodigitalmx.com\/index.php\/wp-json\/wp\/v2\/types\/post"}],"author":[{"embeddable":true,"href":"https:\/\/diariodigitalmx.com\/index.php\/wp-json\/wp\/v2\/users\/1"}],"replies":[{"embeddable":true,"href":"https:\/\/diariodigitalmx.com\/index.php\/wp-json\/wp\/v2\/comments?post=73379"}],"version-history":[{"count":1,"href":"https:\/\/diariodigitalmx.com\/index.php\/wp-json\/wp\/v2\/posts\/73379\/revisions"}],"predecessor-version":[{"id":73380,"href":"https:\/\/diariodigitalmx.com\/index.php\/wp-json\/wp\/v2\/posts\/73379\/revisions\/73380"}],"wp:featuredmedia":[{"embeddable":true,"href":"https:\/\/diariodigitalmx.com\/index.php\/wp-json\/wp\/v2\/media\/73381"}],"wp:attachment":[{"href":"https:\/\/diariodigitalmx.com\/index.php\/wp-json\/wp\/v2\/media?parent=73379"}],"wp:term":[{"taxonomy":"category","embeddable":true,"href":"https:\/\/diariodigitalmx.com\/index.php\/wp-json\/wp\/v2\/categories?post=73379"},{"taxonomy":"post_tag","embeddable":true,"href":"https:\/\/diariodigitalmx.com\/index.php\/wp-json\/wp\/v2\/tags?post=73379"}],"curies":[{"name":"wp","href":"https:\/\/api.w.org\/{rel}","templated":true}]}}