{"id":7346,"date":"2019-07-04T21:05:52","date_gmt":"2019-07-05T02:05:52","guid":{"rendered":"http:\/\/diariodigitalmx.com\/?p=7346"},"modified":"2019-07-05T05:59:02","modified_gmt":"2019-07-05T10:59:02","slug":"ni-mano-negra-ni-ajenos-al-movimiento-contestan-policias-federales","status":"publish","type":"post","link":"https:\/\/diariodigitalmx.com\/index.php\/2019\/07\/04\/ni-mano-negra-ni-ajenos-al-movimiento-contestan-policias-federales\/","title":{"rendered":"Ni mano negra ni ajenos en el movimiento, contestan polic\u00edas federales"},"content":{"rendered":"\n<p>Elementos de la Polic\u00eda Federal negaron que exista corrupci\u00f3n y que los dirigentes de sus protestas sean personas ajenas a la dependencia, como se\u00f1al\u00f3 el presidente Andr\u00e9s Manuel L\u00f3pez Obrador.<\/p>\n\n\n\n<p>Los polic\u00edas tambi\u00e9n negaron que exista \u201cmano negra\u201d en estas manifestaciones, que son motivadas por supuestas irregularidades de su cambio a la Guardia Nacional.<\/p>\n\n\n\n<p>Desde el miercoles, elementos de Polic\u00edas Federal protestan por su cambio a la Guardia Nacional en el Centro de Mando en Iztapalapa, donde se han expresado su inconformidad por la violaci\u00f3n de sus derechos laborales.<\/p>\n\n\n\n<p>Los elementos adem\u00e1s mantienen tomadas las instalaciones de dicho Centro de Mando y contin\u00faan manifest\u00e1ndose en diferentes puntos de la Ciudad de M\u00e9xico.<\/p>\n\n\n\n<p>El presidente L\u00f3pez Obrador sostuvo que hay \u201cmano negra\u201d en este movimiento pues quienes dirigen las manifestaciones no trabajan en la Polic\u00eda Federal, pertenecen a organizaciones de otro tipo.<\/p>\n\n\n\n<p>El mandatario federal tambi\u00e9n dijo que \u201cno hay mal que por bien no venga\u201d, toda vez que ya se hab\u00eda dicho que la corporaci\u00f3n estaba echada a perder.<\/p>\n","protected":false},"excerpt":{"rendered":"<p>Elementos de la Polic\u00eda Federal negaron que exista corrupci\u00f3n y que los dirigentes de sus protestas sean personas ajenas a la dependencia, como se\u00f1al\u00f3 el presidente Andr\u00e9s Manuel L\u00f3pez Obrador. Los polic\u00edas tambi\u00e9n negaron que exista \u201cmano negra\u201d en estas manifestaciones, que son motivadas por supuestas irregularidades de su cambio a la Guardia Nacional. Desde [&hellip;]<\/p>\n","protected":false},"author":1,"featured_media":7349,"comment_status":"open","ping_status":"open","sticky":true,"template":"","format":"standard","meta":{"footnotes":""},"categories":[2],"tags":[],"_links":{"self":[{"href":"https:\/\/diariodigitalmx.com\/index.php\/wp-json\/wp\/v2\/posts\/7346"}],"collection":[{"href":"https:\/\/diariodigitalmx.com\/index.php\/wp-json\/wp\/v2\/posts"}],"about":[{"href":"https:\/\/diariodigitalmx.com\/index.php\/wp-json\/wp\/v2\/types\/post"}],"author":[{"embeddable":true,"href":"https:\/\/diariodigitalmx.com\/index.php\/wp-json\/wp\/v2\/users\/1"}],"replies":[{"embeddable":true,"href":"https:\/\/diariodigitalmx.com\/index.php\/wp-json\/wp\/v2\/comments?post=7346"}],"version-history":[{"count":2,"href":"https:\/\/diariodigitalmx.com\/index.php\/wp-json\/wp\/v2\/posts\/7346\/revisions"}],"predecessor-version":[{"id":7366,"href":"https:\/\/diariodigitalmx.com\/index.php\/wp-json\/wp\/v2\/posts\/7346\/revisions\/7366"}],"wp:featuredmedia":[{"embeddable":true,"href":"https:\/\/diariodigitalmx.com\/index.php\/wp-json\/wp\/v2\/media\/7349"}],"wp:attachment":[{"href":"https:\/\/diariodigitalmx.com\/index.php\/wp-json\/wp\/v2\/media?parent=7346"}],"wp:term":[{"taxonomy":"category","embeddable":true,"href":"https:\/\/diariodigitalmx.com\/index.php\/wp-json\/wp\/v2\/categories?post=7346"},{"taxonomy":"post_tag","embeddable":true,"href":"https:\/\/diariodigitalmx.com\/index.php\/wp-json\/wp\/v2\/tags?post=7346"}],"curies":[{"name":"wp","href":"https:\/\/api.w.org\/{rel}","templated":true}]}}