{"id":73467,"date":"2022-03-26T18:14:37","date_gmt":"2022-03-27T00:14:37","guid":{"rendered":"http:\/\/diariodigitalmx.com\/?p=73467"},"modified":"2022-03-26T18:15:47","modified_gmt":"2022-03-27T00:15:47","slug":"llegan-de-todo-el-pais-a-buscar-en-nl-a-sus-desaparecidos","status":"publish","type":"post","link":"https:\/\/diariodigitalmx.com\/index.php\/2022\/03\/26\/llegan-de-todo-el-pais-a-buscar-en-nl-a-sus-desaparecidos\/","title":{"rendered":"Llegan de todo el pa\u00eds a buscar en NL a sus desaparecidos"},"content":{"rendered":"\n<p>Monterrey &#8211;&nbsp; En Nuevo Le\u00f3n, familiares de personas desaparecidas realizar\u00e1n una jornada de trabajo para buscar a sus seres queridos.&nbsp;<\/p>\n\n\n\n<p>Procedentes de diversos puntos del pa\u00eds, se re\u00fanen en Monterrey este domingo 27 donde arranca la semana de B\u00fasqueda Nacional en Vida por Nuestros Desaparecidos Nuevo Le\u00f3n 2022<\/p>\n\n\n\n<p>Iniciar\u00e1n con una misa en la Catedral metropolitana y en los 10 d\u00edas de la jornada\u00a0 los familiares de desaparecidas y desaparecidos har\u00e1n b\u00fasqueda en campo; entregar\u00e1n peticiones espec\u00edficas a\u00a0autoridades gubernamentales; llevar\u00e1n a cabo una campa\u00f1a de sensibilizaci\u00f3n a trav\u00e9s de volanteo, caminatas y marchas.<\/p>\n\n\n\n<figure class=\"wp-block-image size-large\"><img loading=\"lazy\" decoding=\"async\" width=\"640\" height=\"479\" src=\"http:\/\/diariodigitalmx.com\/wp-content\/uploads\/2022\/03\/images-2-21.jpeg\" alt=\"\" class=\"wp-image-73471\" srcset=\"https:\/\/diariodigitalmx.com\/wp-content\/uploads\/2022\/03\/images-2-21.jpeg 640w, https:\/\/diariodigitalmx.com\/wp-content\/uploads\/2022\/03\/images-2-21-300x225.jpeg 300w\" sizes=\"(max-width: 640px) 100vw, 640px\" \/><\/figure>\n\n\n\n<p>Tambi\u00e9n visitar\u00e1n diferentes centros de reinserci\u00f3n social; har\u00e1n campa\u00f1as de prevenci\u00f3n y concientizaci\u00f3n en escuelas, as\u00ed como pl\u00e1ticas con personal de dos institutos de criminal\u00edstica y&nbsp;servicios periciales de la entidad, con revisiones a diversos registros de personas no identificadas y enviadas a fosas comunes, adem\u00e1s de&nbsp; participar en la toma de muestras de ADN.<\/p>\n\n\n\n<p>En su amplia jornada destaca tambi\u00e9n la revisi\u00f3n de registros de&nbsp;personas en situaci\u00f3n de calle para su posible identificaci\u00f3n, y la realizaci\u00f3n de operativos en bares y cantinas para detectar trata de personas.&nbsp;<\/p>\n\n\n\n<p>En Nuevo Le\u00f3n, se han registrado para participar en las actividades de b\u00fasqueda alrededor de 150 familiares de desaparecidas y desaparecidos, que coordina Mar\u00eda de la Luz L\u00f3pez Castruita.&nbsp;<\/p>\n\n\n\n<p>Adem\u00e1s de buscar a sus familiares, desean sensibilizar a la ciudadan\u00eda y a las autoridades federales, estatales y municipales sobre la&nbsp;importancia de la b\u00fasqueda, pero particularmente resaltar como valor de vida o muerte la tarea de la&nbsp;prevenci\u00f3n.&nbsp;<\/p>\n\n\n\n<p>A los colectivos de b\u00fasqueda les acompa\u00f1an representantes del Centro de Investigaciones para la Equidad, Pol\u00edtica P\u00fablica y Desarrollo (CIPE).&nbsp;<\/p>\n\n\n\n<p>De acuerdo al Comit\u00e9 de las Naciones Unidas contra la Desaparici\u00f3n Forzada para&nbsp;noviembre de 2021 se registraban 95,121 personas desaparecidas en M\u00e9xico, con una tendencia hacia el aumento preocupante en el n\u00famero de ni\u00f1os, ni\u00f1as y mujeres&nbsp;desaparecidas.&nbsp;<\/p>\n","protected":false},"excerpt":{"rendered":"<p>Monterrey &#8211;&nbsp; En Nuevo Le\u00f3n, familiares de personas desaparecidas realizar\u00e1n una jornada de trabajo para buscar a sus seres queridos.&nbsp; Procedentes de diversos puntos del pa\u00eds, se re\u00fanen en Monterrey este domingo 27 donde arranca la semana de B\u00fasqueda Nacional en Vida por Nuestros Desaparecidos Nuevo Le\u00f3n 2022 Iniciar\u00e1n con una misa en la Catedral [&hellip;]<\/p>\n","protected":false},"author":1,"featured_media":73469,"comment_status":"open","ping_status":"open","sticky":true,"template":"","format":"standard","meta":{"footnotes":""},"categories":[6,3],"tags":[],"_links":{"self":[{"href":"https:\/\/diariodigitalmx.com\/index.php\/wp-json\/wp\/v2\/posts\/73467"}],"collection":[{"href":"https:\/\/diariodigitalmx.com\/index.php\/wp-json\/wp\/v2\/posts"}],"about":[{"href":"https:\/\/diariodigitalmx.com\/index.php\/wp-json\/wp\/v2\/types\/post"}],"author":[{"embeddable":true,"href":"https:\/\/diariodigitalmx.com\/index.php\/wp-json\/wp\/v2\/users\/1"}],"replies":[{"embeddable":true,"href":"https:\/\/diariodigitalmx.com\/index.php\/wp-json\/wp\/v2\/comments?post=73467"}],"version-history":[{"count":3,"href":"https:\/\/diariodigitalmx.com\/index.php\/wp-json\/wp\/v2\/posts\/73467\/revisions"}],"predecessor-version":[{"id":73472,"href":"https:\/\/diariodigitalmx.com\/index.php\/wp-json\/wp\/v2\/posts\/73467\/revisions\/73472"}],"wp:featuredmedia":[{"embeddable":true,"href":"https:\/\/diariodigitalmx.com\/index.php\/wp-json\/wp\/v2\/media\/73469"}],"wp:attachment":[{"href":"https:\/\/diariodigitalmx.com\/index.php\/wp-json\/wp\/v2\/media?parent=73467"}],"wp:term":[{"taxonomy":"category","embeddable":true,"href":"https:\/\/diariodigitalmx.com\/index.php\/wp-json\/wp\/v2\/categories?post=73467"},{"taxonomy":"post_tag","embeddable":true,"href":"https:\/\/diariodigitalmx.com\/index.php\/wp-json\/wp\/v2\/tags?post=73467"}],"curies":[{"name":"wp","href":"https:\/\/api.w.org\/{rel}","templated":true}]}}