{"id":73521,"date":"2022-03-27T20:29:32","date_gmt":"2022-03-28T02:29:32","guid":{"rendered":"http:\/\/diariodigitalmx.com\/?p=73521"},"modified":"2022-03-27T20:29:59","modified_gmt":"2022-03-28T02:29:59","slug":"aspiro-a-servir-con-honestidad-y-transformar-a-tamaulipas-americo","status":"publish","type":"post","link":"https:\/\/diariodigitalmx.com\/index.php\/2022\/03\/27\/aspiro-a-servir-con-honestidad-y-transformar-a-tamaulipas-americo\/","title":{"rendered":"Aspiro a servir con honestidad y transformar a Tamaulipas: Am\u00e9rico"},"content":{"rendered":"\n<p><br>Luego de su registro ante el IETAM como candidato de la Coalici\u00f3n Morena, PT y PVEM, el doctor Am\u00e9rico Villarreal asegur\u00f3 que unidos abriremos de par en par las puertas de la transformaci\u00f3n en el Estado.<\/p>\n\n\n\n<p>Cd. Victoria, Tam.- \u201cEstoy listo para servir y ser \u00fatil a Tamaulipas y a escribir una nueva historia con apego a los principios de la verdad, la justicia y la honestidad\u201d, asegur\u00f3 el doctor Am\u00e9rico Villarreal Anaya.<\/p>\n\n\n\n<p>\u201cHa llegado la hora de los tamaulipecos que anhelan una nueva historia de bienestar, justicia y prosperidad y dar paso as\u00ed a la transformaci\u00f3n\u201d, agreg\u00f3.<\/p>\n\n\n\n<p>Tras presentar su registro ante el Instituto Electoral como candidato a la gubernatura del Estado por la Coalici\u00f3n \u2018Juntos Hacemos Historia en Tamaulipas\u201d y arropado por los dirigentes nacionales y estatales de los tres partidos pol\u00edticos que lo postulan, Villarreal Anaya dijo ser respetuoso de las leyes electorales y exigi\u00f3 de las autoridades imparcialidad y prudencia en la batalla pol\u00edtica que viene.<br>\u201cConf\u00edo en que la fuerza y la vitalidad de este movimiento nos sit\u00faa del lado correcto de la historia, y unidos, y entre todos, abriremos de par en par las puertas de la Transformaci\u00f3n en nuestro Estado\u201d, dijo.<\/p>\n\n\n\n<p>Ante el respaldo de miles de simpatizantes y seguidores de todo el estado que se congregaron en esta capital, el abanderado de Morena, PT y PVEM, insisti\u00f3 en que es tiempo de terminar con la pol\u00edtica de corrupci\u00f3n y privilegios de unos cuantos.<\/p>\n\n\n\n<p>\u201cHoy la esperanza en un futuro mejor se vive en Tamaulipas, como nunca, de manera valiente, libre y decidida, estamos encendiendo el despertar de las conciencias en nuestro Estado\u201d, indic\u00f3.<\/p>\n\n\n\n<p>Villarreal Anaya, asegur\u00f3 que para llegar a este hist\u00f3rico momento en su trayectoria pol\u00edtica se siente respaldado por una vida de trabajo personal y una carrera de varias d\u00e9cadas en el servicio p\u00fablico, adem\u00e1s del legado y ejemplo de sus padres.<\/p>\n\n\n\n<p>\u201cDe mi madre tengo el ejemplo de la genuina disposici\u00f3n de servir a los dem\u00e1s y de mi padre me fortalece el respeto, la honestidad y la capacidad con que gobern\u00f3 Tamaulipas; sus lecciones de vida son fuente de orgullo y un aliciente muy poderoso que me inspiran para que hoy pueda seguir sus pasos honrando su memoria y trabajando con honestidad\u201d, expres\u00f3.<\/p>\n\n\n\n<p>Sin mencionar el nombre del presidente, Villarreal Anaya reconoci\u00f3 que el ejemplo de \u201cya saben qui\u00e9n\u201d es un valor que lo inspira y lo gu\u00eda siempre en su actuaci\u00f3n pol\u00edtica.<\/p>\n\n\n\n<p>\u201cAqu\u00ed refrendamos nuestra convicci\u00f3n de conducirnos siempre bajo la premisa b\u00e1sica de no mentir, no robar y no traicionar al pueblo, exaltando los valores de la verdad, la justicia y la honestidad\u201d.<\/p>\n\n\n\n<p>En su mensaje el abanderado de la coalici\u00f3n \u2018Juntos Hacemos Historia\u2019 expres\u00f3 su agradecimiento por la presencia de los dirigentes partidistas Mario Delgado, de Morena; Alberto Anaya, del Partido del Trabajo quien estuvo representado por la diputada federal Magda N\u00fa\u00f1ez Monreal y de Karen Castrej\u00f3n Trujillo, del Partido Verde Ecologista de M\u00e9xico, a quienes reiter\u00f3 su compromiso y todo su esfuerzo para lograr que en Tamaulipas las banderas de la esperanza hondeen en nuestro cielo.<\/p>\n\n\n\n<p>\u201cHoy la unidad de Morena est\u00e1 presente\u201d, apunt\u00f3.<\/p>\n","protected":false},"excerpt":{"rendered":"<p>Luego de su registro ante el IETAM como candidato de la Coalici\u00f3n Morena, PT y PVEM, el doctor Am\u00e9rico Villarreal asegur\u00f3 que unidos abriremos de par en par las puertas de la transformaci\u00f3n en el Estado. Cd. Victoria, Tam.- \u201cEstoy listo para servir y ser \u00fatil a Tamaulipas y a escribir una nueva historia con [&hellip;]<\/p>\n","protected":false},"author":1,"featured_media":73523,"comment_status":"open","ping_status":"open","sticky":true,"template":"","format":"standard","meta":{"footnotes":""},"categories":[3,19],"tags":[],"_links":{"self":[{"href":"https:\/\/diariodigitalmx.com\/index.php\/wp-json\/wp\/v2\/posts\/73521"}],"collection":[{"href":"https:\/\/diariodigitalmx.com\/index.php\/wp-json\/wp\/v2\/posts"}],"about":[{"href":"https:\/\/diariodigitalmx.com\/index.php\/wp-json\/wp\/v2\/types\/post"}],"author":[{"embeddable":true,"href":"https:\/\/diariodigitalmx.com\/index.php\/wp-json\/wp\/v2\/users\/1"}],"replies":[{"embeddable":true,"href":"https:\/\/diariodigitalmx.com\/index.php\/wp-json\/wp\/v2\/comments?post=73521"}],"version-history":[{"count":1,"href":"https:\/\/diariodigitalmx.com\/index.php\/wp-json\/wp\/v2\/posts\/73521\/revisions"}],"predecessor-version":[{"id":73522,"href":"https:\/\/diariodigitalmx.com\/index.php\/wp-json\/wp\/v2\/posts\/73521\/revisions\/73522"}],"wp:featuredmedia":[{"embeddable":true,"href":"https:\/\/diariodigitalmx.com\/index.php\/wp-json\/wp\/v2\/media\/73523"}],"wp:attachment":[{"href":"https:\/\/diariodigitalmx.com\/index.php\/wp-json\/wp\/v2\/media?parent=73521"}],"wp:term":[{"taxonomy":"category","embeddable":true,"href":"https:\/\/diariodigitalmx.com\/index.php\/wp-json\/wp\/v2\/categories?post=73521"},{"taxonomy":"post_tag","embeddable":true,"href":"https:\/\/diariodigitalmx.com\/index.php\/wp-json\/wp\/v2\/tags?post=73521"}],"curies":[{"name":"wp","href":"https:\/\/api.w.org\/{rel}","templated":true}]}}