{"id":73543,"date":"2022-03-28T14:06:35","date_gmt":"2022-03-28T20:06:35","guid":{"rendered":"http:\/\/diariodigitalmx.com\/?p=73543"},"modified":"2022-03-28T14:08:18","modified_gmt":"2022-03-28T20:08:18","slug":"no-hay-evidencias-de-balacera-dice-spp","status":"publish","type":"post","link":"https:\/\/diariodigitalmx.com\/index.php\/2022\/03\/28\/no-hay-evidencias-de-balacera-dice-spp\/","title":{"rendered":"No hay evidencias de balacera dice SPP"},"content":{"rendered":"\n<p>Cancun- El Centro Operativo de Emergencias del Aeropuerto Internacional de Canc\u00fan inform\u00f3 a trav\u00e9s de un comunicado que no existen indicios pertinentes para confirmar que se haya presentado una balacera dentro de la terminal a\u00e9rea.<\/p>\n\n\n\n<p>&#8220;No existen indicios de detonaciones de arma de fuego o explosiones en ning\u00fan \u00e1rea del aeropuerto&#8221;, escribi\u00f3 el Centro Operativo.<\/p>\n\n\n\n<figure class=\"wp-block-image size-large\"><img loading=\"lazy\" decoding=\"async\" width=\"603\" height=\"1024\" src=\"http:\/\/diariodigitalmx.com\/wp-content\/uploads\/2022\/03\/Screenshot_20220328_140410_com.android.chrome2-603x1024.jpg\" alt=\"\" class=\"wp-image-73546\" srcset=\"https:\/\/diariodigitalmx.com\/wp-content\/uploads\/2022\/03\/Screenshot_20220328_140410_com.android.chrome2-603x1024.jpg 603w, https:\/\/diariodigitalmx.com\/wp-content\/uploads\/2022\/03\/Screenshot_20220328_140410_com.android.chrome2-177x300.jpg 177w, https:\/\/diariodigitalmx.com\/wp-content\/uploads\/2022\/03\/Screenshot_20220328_140410_com.android.chrome2-768x1304.jpg 768w, https:\/\/diariodigitalmx.com\/wp-content\/uploads\/2022\/03\/Screenshot_20220328_140410_com.android.chrome2-904x1536.jpg 904w, https:\/\/diariodigitalmx.com\/wp-content\/uploads\/2022\/03\/Screenshot_20220328_140410_com.android.chrome2.jpg 948w\" sizes=\"(max-width: 603px) 100vw, 603px\" \/><\/figure>\n\n\n\n<p>Para llevar a esta determinaci\u00f3n se trabaj\u00f3 en coordinaci\u00f3n con la Guardia Nacional, la Agencia Federal de Aviaci\u00f3n Civil y la Secretar\u00eda de Marina.<\/p>\n\n\n\n<p>Debido a lo anterior, las actividades de la terminal 3 del aeropuerto se vieron suspendidas por un periodo corto, no mayor a las 2 horas.<\/p>\n\n\n\n<p>Cuerpos de seguridad realizan investigaciones permanentes para determinar la causa que provoc\u00f3 la alerta entre los pasajeros y usuarios del aeropuerto, se\u00f1al\u00f3 el Centro Operativo de Emergencias del Aeropuerto de Canc\u00fan.<\/p>\n\n\n\n<p>Seg\u00fan los primeros reportes alrededor de las 11:30 am usuarios escucharon detonaciones que provocaron que los pasajeros entraran en p\u00e1nico y salieran corriendo.<\/p>\n","protected":false},"excerpt":{"rendered":"<p>Cancun- El Centro Operativo de Emergencias del Aeropuerto Internacional de Canc\u00fan inform\u00f3 a trav\u00e9s de un comunicado que no existen indicios pertinentes para confirmar que se haya presentado una balacera dentro de la terminal a\u00e9rea. &#8220;No existen indicios de detonaciones de arma de fuego o explosiones en ning\u00fan \u00e1rea del aeropuerto&#8221;, escribi\u00f3 el Centro Operativo. [&hellip;]<\/p>\n","protected":false},"author":1,"featured_media":73545,"comment_status":"open","ping_status":"open","sticky":true,"template":"","format":"standard","meta":{"footnotes":""},"categories":[2,3],"tags":[],"_links":{"self":[{"href":"https:\/\/diariodigitalmx.com\/index.php\/wp-json\/wp\/v2\/posts\/73543"}],"collection":[{"href":"https:\/\/diariodigitalmx.com\/index.php\/wp-json\/wp\/v2\/posts"}],"about":[{"href":"https:\/\/diariodigitalmx.com\/index.php\/wp-json\/wp\/v2\/types\/post"}],"author":[{"embeddable":true,"href":"https:\/\/diariodigitalmx.com\/index.php\/wp-json\/wp\/v2\/users\/1"}],"replies":[{"embeddable":true,"href":"https:\/\/diariodigitalmx.com\/index.php\/wp-json\/wp\/v2\/comments?post=73543"}],"version-history":[{"count":2,"href":"https:\/\/diariodigitalmx.com\/index.php\/wp-json\/wp\/v2\/posts\/73543\/revisions"}],"predecessor-version":[{"id":73547,"href":"https:\/\/diariodigitalmx.com\/index.php\/wp-json\/wp\/v2\/posts\/73543\/revisions\/73547"}],"wp:featuredmedia":[{"embeddable":true,"href":"https:\/\/diariodigitalmx.com\/index.php\/wp-json\/wp\/v2\/media\/73545"}],"wp:attachment":[{"href":"https:\/\/diariodigitalmx.com\/index.php\/wp-json\/wp\/v2\/media?parent=73543"}],"wp:term":[{"taxonomy":"category","embeddable":true,"href":"https:\/\/diariodigitalmx.com\/index.php\/wp-json\/wp\/v2\/categories?post=73543"},{"taxonomy":"post_tag","embeddable":true,"href":"https:\/\/diariodigitalmx.com\/index.php\/wp-json\/wp\/v2\/tags?post=73543"}],"curies":[{"name":"wp","href":"https:\/\/api.w.org\/{rel}","templated":true}]}}