{"id":7355,"date":"2019-07-05T05:41:35","date_gmt":"2019-07-05T10:41:35","guid":{"rendered":"http:\/\/diariodigitalmx.com\/?p=7355"},"modified":"2019-07-05T05:41:36","modified_gmt":"2019-07-05T10:41:36","slug":"por-cierto-74","status":"publish","type":"post","link":"https:\/\/diariodigitalmx.com\/index.php\/2019\/07\/05\/por-cierto-74\/","title":{"rendered":"Por cierto&#8230;"},"content":{"rendered":"\n<p>\u00d3scar Tamez Rodr\u00edguez<\/p>\n\n\n\n<p>Acusa Durazo, el secretario de seguridad federal, que Felipe Calder\u00f3n est\u00e1 detr\u00e1s de la huelga de facto realizada por los polic\u00edas federales. Sea cierto o falso, mientras no presenten pruebas es difamaci\u00f3n y meter en el terreno de lo pol\u00edtico algo que es laboral. Vaya, la cantaleta de \u201cyo tengo otros datos\u201d, aqu\u00ed parafraseada por el funcionario ya cans\u00f3. No hay duda que existan interesados en el fracaso de AMLO y su guardia nacional, entre ellos la oposici\u00f3n y la delincuencia organizada, pero sin pruebas no se vale acusar. Es que huele mal que los polis esperaron hasta ahora para tener dudas sobre su situaci\u00f3n laboral. \u00a1A otro perro con ese hueso!&#8230; Pemex pag\u00f3 por unos ductos que no van a ning\u00fan lado. \u00a1Y nos escandalizamos por Lay\u00edn, aquel que rob\u00f3 poquito!<br>Oscar Tamez Rdz.&nbsp;<a rel=\"noreferrer noopener\" href=\"http:\/\/www.estudiospoliticos.mx\/\" target=\"_blank\">www.estudiospoliticos.mx<\/a><a rel=\"noreferrer noopener\" href=\"http:\/\/facebook.com\/EstudiosPoliticos.mx\" target=\"_blank\">Facebook.com\/EstudiosPoliticos.mx<\/a>@EstudiosMx<\/p>\n\n\n\n<p><\/p>\n","protected":false},"excerpt":{"rendered":"<p>\u00d3scar Tamez Rodr\u00edguez Acusa Durazo, el secretario de seguridad federal, que Felipe Calder\u00f3n est\u00e1 detr\u00e1s de la huelga de facto realizada por los polic\u00edas federales. Sea cierto o falso, mientras no presenten pruebas es difamaci\u00f3n y meter en el terreno de lo pol\u00edtico algo que es laboral. Vaya, la cantaleta de \u201cyo tengo otros datos\u201d, [&hellip;]<\/p>\n","protected":false},"author":1,"featured_media":5344,"comment_status":"open","ping_status":"open","sticky":true,"template":"","format":"standard","meta":{"footnotes":""},"categories":[12],"tags":[],"_links":{"self":[{"href":"https:\/\/diariodigitalmx.com\/index.php\/wp-json\/wp\/v2\/posts\/7355"}],"collection":[{"href":"https:\/\/diariodigitalmx.com\/index.php\/wp-json\/wp\/v2\/posts"}],"about":[{"href":"https:\/\/diariodigitalmx.com\/index.php\/wp-json\/wp\/v2\/types\/post"}],"author":[{"embeddable":true,"href":"https:\/\/diariodigitalmx.com\/index.php\/wp-json\/wp\/v2\/users\/1"}],"replies":[{"embeddable":true,"href":"https:\/\/diariodigitalmx.com\/index.php\/wp-json\/wp\/v2\/comments?post=7355"}],"version-history":[{"count":2,"href":"https:\/\/diariodigitalmx.com\/index.php\/wp-json\/wp\/v2\/posts\/7355\/revisions"}],"predecessor-version":[{"id":7357,"href":"https:\/\/diariodigitalmx.com\/index.php\/wp-json\/wp\/v2\/posts\/7355\/revisions\/7357"}],"wp:featuredmedia":[{"embeddable":true,"href":"https:\/\/diariodigitalmx.com\/index.php\/wp-json\/wp\/v2\/media\/5344"}],"wp:attachment":[{"href":"https:\/\/diariodigitalmx.com\/index.php\/wp-json\/wp\/v2\/media?parent=7355"}],"wp:term":[{"taxonomy":"category","embeddable":true,"href":"https:\/\/diariodigitalmx.com\/index.php\/wp-json\/wp\/v2\/categories?post=7355"},{"taxonomy":"post_tag","embeddable":true,"href":"https:\/\/diariodigitalmx.com\/index.php\/wp-json\/wp\/v2\/tags?post=7355"}],"curies":[{"name":"wp","href":"https:\/\/api.w.org\/{rel}","templated":true}]}}