{"id":73551,"date":"2022-03-28T19:31:13","date_gmt":"2022-03-29T01:31:13","guid":{"rendered":"http:\/\/diariodigitalmx.com\/?p=73551"},"modified":"2022-03-28T19:31:44","modified_gmt":"2022-03-29T01:31:44","slug":"reconocen-49-anos-de-lucha-de-la-colonia-tierra-y-libertad","status":"publish","type":"post","link":"https:\/\/diariodigitalmx.com\/index.php\/2022\/03\/28\/reconocen-49-anos-de-lucha-de-la-colonia-tierra-y-libertad\/","title":{"rendered":"Reconocen 49 a\u00f1os de lucha de la colonia Tierra y Libertad"},"content":{"rendered":"\n<p><\/p>\n\n\n\n<p>Monterrey .- Los habitantes de la colonia Tierra y Libertad fueron reconocidos hoy desde la tribuna del Congreso del Estado al cumplir 49 a\u00f1os de lucha social.<\/p>\n\n\n\n<p>\u201cReconocemos a quienes mediante la toma de la tierra abrazaron la lucha para transformar nuestra sociedad por una m\u00e1s justa, libertaria, democr\u00e1tica y en paz\u201d, manifest\u00f3 la diputada Anyl\u00fa Bendici\u00f3n Hern\u00e1ndez Sep\u00falveda.<\/p>\n\n\n\n<p>Refiri\u00f3 que al fundar la colonia Tierra y Libertad, el 28 de marzo de 1973, los j\u00f3venes estudiantes del movimiento urbano-popular iniciaron la larga lucha por la tierra y por la libertad de las familias marginadas.<\/p>\n\n\n\n<p>\u201cEl primer paso de la lucha fue ocupar un lote de 8 por 15 metros cuadrados para vivir y tener como techo el cielo\u201d, coment\u00f3.<\/p>\n\n\n\n<p>Explic\u00f3 que como lo han se\u00f1alado los dirigentes fundadores de la colonia, la verdadera lucha es por un lote mayor que se llama M\u00e9xico y por un gobierno popular al servicio de obreros y campesinos y de los m\u00e1s necesitados.<\/p>\n\n\n\n<p>La diputada del Partido del Trabajo felicit\u00f3 a los colonos por los 49 a\u00f1os de lucha contra represiones de gobierno y por los logros alcanzados.<\/p>\n\n\n\n<p>\u201cCuentan con m\u00e1s de 150 escuelas de educaci\u00f3n b\u00e1sica, con los Centros de Desarrollo Infantil, las Escuelas de Artes y Oficios, la Preparatoria T\u00e9cnica Gral. Emiliano Zapata y la Universidad Emiliano Zapata, as\u00ed como el Hospital Tierra y Libertad, hoy Hospital Covid\u201d, dijo.<\/p>\n\n\n\n<p>\u201cNuestro reconocimiento a la lucha de miles de familias por forjar su propio bienestar y por ayudar a tener un gobierno de izquierda que encabeza el Presidente Andr\u00e9s Manuel L\u00f3pez Obrador\u201d, concluy\u00f3.<\/p>\n","protected":false},"excerpt":{"rendered":"<p>Monterrey .- Los habitantes de la colonia Tierra y Libertad fueron reconocidos hoy desde la tribuna del Congreso del Estado al cumplir 49 a\u00f1os de lucha social. \u201cReconocemos a quienes mediante la toma de la tierra abrazaron la lucha para transformar nuestra sociedad por una m\u00e1s justa, libertaria, democr\u00e1tica y en paz\u201d, manifest\u00f3 la diputada [&hellip;]<\/p>\n","protected":false},"author":1,"featured_media":73553,"comment_status":"open","ping_status":"open","sticky":true,"template":"","format":"standard","meta":{"footnotes":""},"categories":[6,5],"tags":[],"_links":{"self":[{"href":"https:\/\/diariodigitalmx.com\/index.php\/wp-json\/wp\/v2\/posts\/73551"}],"collection":[{"href":"https:\/\/diariodigitalmx.com\/index.php\/wp-json\/wp\/v2\/posts"}],"about":[{"href":"https:\/\/diariodigitalmx.com\/index.php\/wp-json\/wp\/v2\/types\/post"}],"author":[{"embeddable":true,"href":"https:\/\/diariodigitalmx.com\/index.php\/wp-json\/wp\/v2\/users\/1"}],"replies":[{"embeddable":true,"href":"https:\/\/diariodigitalmx.com\/index.php\/wp-json\/wp\/v2\/comments?post=73551"}],"version-history":[{"count":1,"href":"https:\/\/diariodigitalmx.com\/index.php\/wp-json\/wp\/v2\/posts\/73551\/revisions"}],"predecessor-version":[{"id":73552,"href":"https:\/\/diariodigitalmx.com\/index.php\/wp-json\/wp\/v2\/posts\/73551\/revisions\/73552"}],"wp:featuredmedia":[{"embeddable":true,"href":"https:\/\/diariodigitalmx.com\/index.php\/wp-json\/wp\/v2\/media\/73553"}],"wp:attachment":[{"href":"https:\/\/diariodigitalmx.com\/index.php\/wp-json\/wp\/v2\/media?parent=73551"}],"wp:term":[{"taxonomy":"category","embeddable":true,"href":"https:\/\/diariodigitalmx.com\/index.php\/wp-json\/wp\/v2\/categories?post=73551"},{"taxonomy":"post_tag","embeddable":true,"href":"https:\/\/diariodigitalmx.com\/index.php\/wp-json\/wp\/v2\/tags?post=73551"}],"curies":[{"name":"wp","href":"https:\/\/api.w.org\/{rel}","templated":true}]}}