{"id":73564,"date":"2022-03-28T23:01:51","date_gmt":"2022-03-29T05:01:51","guid":{"rendered":"http:\/\/diariodigitalmx.com\/?p=73564"},"modified":"2022-03-28T23:02:57","modified_gmt":"2022-03-29T05:02:57","slug":"73564","status":"publish","type":"post","link":"https:\/\/diariodigitalmx.com\/index.php\/2022\/03\/28\/73564\/","title":{"rendered":"\u00a1La Violencia, genera Violencia!"},"content":{"rendered":"\n<p>Luz Mar\u00eda Ortiz Quintos <\/p>\n\n\n\n<p><br>Lo m\u00e1s destacado de la entrega de los Oscar 2022 \u00bfPor qu\u00e9 Will Smith golpe\u00f3 en la cara a Chris Rock? El momento m\u00e1s inc\u00f3modo de los Oscar.<br>La Violencia inicia de manera verbal, la broma que Chris hace, genera la reacci\u00f3n del golpe que Will le da.<br>No justifico la acci\u00f3n de Will, sin embargo, considero que el respeto inicia desde el di\u00e1logo, que las bromas de mal gusto, las burlas de la condici\u00f3n f\u00edsica, jam\u00e1s ser\u00e1n graciosas y tampoco se deben aplaudir.<br>Que la falta de respeto de los comediantes, es algo a lo que nos hemos acostumbrado y como en esta ocasi\u00f3n, la respuesta fue sorpresiva e inesperada, que esto sirva para que todos\u2026hagamos conciencia.<br>Por otro lado, ninguna ofensa, o comentario de mal gusto justifica la agresi\u00f3n f\u00edsica, tan mal est\u00e1 el que ofende, como el que reacciona con golpes. Que esas reacciones violentas, es lo que no debemos permitirnos como personas en ning\u00fan ambiente de la sociedad.<br>Que lamentablemente todos estamos hablando m\u00e1s de esa acci\u00f3n, que de los actores, pel\u00edculas, y dem\u00e1s ganadores del renombrado evento por la academia del Cine.<br>Es tiempo de reconocer que no somos personas desechables, que lo que para algunos no tiene importancia, se puede hacer una broma o chiste, no es igual para otros, y lo m\u00e1s seguro es que no nos burlemos de otros, si tenemos mucho sentido del humor, que sea de nuestros propios defectos o condici\u00f3n, no de los dem\u00e1s.<br>Es urgente generar ambientes de armon\u00eda, respeto, amor y paz.<br>En este momento como Padres de Familia, podemos aprovechar estas situaciones para hablar con nuestros hijos y fomentar en ellos la pr\u00e1ctica de los valores humanos, para construir sociedades con justicia social, equidad y solidaridad. <\/p>\n","protected":false},"excerpt":{"rendered":"<p>Luz Mar\u00eda Ortiz Quintos Lo m\u00e1s destacado de la entrega de los Oscar 2022 \u00bfPor qu\u00e9 Will Smith golpe\u00f3 en la cara a Chris Rock? El momento m\u00e1s inc\u00f3modo de los Oscar.La Violencia inicia de manera verbal, la broma que Chris hace, genera la reacci\u00f3n del golpe que Will le da.No justifico la acci\u00f3n de [&hellip;]<\/p>\n","protected":false},"author":1,"featured_media":73567,"comment_status":"open","ping_status":"open","sticky":false,"template":"","format":"standard","meta":{"footnotes":""},"categories":[12,5],"tags":[],"_links":{"self":[{"href":"https:\/\/diariodigitalmx.com\/index.php\/wp-json\/wp\/v2\/posts\/73564"}],"collection":[{"href":"https:\/\/diariodigitalmx.com\/index.php\/wp-json\/wp\/v2\/posts"}],"about":[{"href":"https:\/\/diariodigitalmx.com\/index.php\/wp-json\/wp\/v2\/types\/post"}],"author":[{"embeddable":true,"href":"https:\/\/diariodigitalmx.com\/index.php\/wp-json\/wp\/v2\/users\/1"}],"replies":[{"embeddable":true,"href":"https:\/\/diariodigitalmx.com\/index.php\/wp-json\/wp\/v2\/comments?post=73564"}],"version-history":[{"count":2,"href":"https:\/\/diariodigitalmx.com\/index.php\/wp-json\/wp\/v2\/posts\/73564\/revisions"}],"predecessor-version":[{"id":73566,"href":"https:\/\/diariodigitalmx.com\/index.php\/wp-json\/wp\/v2\/posts\/73564\/revisions\/73566"}],"wp:featuredmedia":[{"embeddable":true,"href":"https:\/\/diariodigitalmx.com\/index.php\/wp-json\/wp\/v2\/media\/73567"}],"wp:attachment":[{"href":"https:\/\/diariodigitalmx.com\/index.php\/wp-json\/wp\/v2\/media?parent=73564"}],"wp:term":[{"taxonomy":"category","embeddable":true,"href":"https:\/\/diariodigitalmx.com\/index.php\/wp-json\/wp\/v2\/categories?post=73564"},{"taxonomy":"post_tag","embeddable":true,"href":"https:\/\/diariodigitalmx.com\/index.php\/wp-json\/wp\/v2\/tags?post=73564"}],"curies":[{"name":"wp","href":"https:\/\/api.w.org\/{rel}","templated":true}]}}