{"id":73576,"date":"2022-03-29T07:31:47","date_gmt":"2022-03-29T13:31:47","guid":{"rendered":"http:\/\/diariodigitalmx.com\/?p=73576"},"modified":"2022-03-29T07:32:23","modified_gmt":"2022-03-29T13:32:23","slug":"bendito-problema","status":"publish","type":"post","link":"https:\/\/diariodigitalmx.com\/index.php\/2022\/03\/29\/bendito-problema\/","title":{"rendered":"Bendito problema"},"content":{"rendered":"\n<p>Clara Villarreal <\/p>\n\n\n\n<p>Cuando por encima de todo, realmente son una bendici\u00f3n. En mi casa tenemos la costumbre de comer en familia. Nos gusta vernos, compartir y actualizarnos. Conforme hemos ido creciendo y nuestras actividades, agendas e intereses han ido cambiando, procuramos reunirnos al menos una vez a la semana: todos, juntos, en la mesa. A lo largo de los a\u00f1os la comida de los mi\u00e9rcoles se ha vuelto una alegr\u00eda que nos permite cargar la pila con el cari\u00f1o que nos tenemos. Nos encanta estar juntos. Aunque por momentos o en algunos temas tengamos opiniones distintas, siempre trabajamos en nuestra unidad familiar y nos hemos denominado \u201cla familia mu\u00e9gano\u201d. El pasado mi\u00e9rcoles, sin embargo, sucedi\u00f3 algo: nos dimos cuenta de que ya no cab\u00edamos en la mesa. De pronto un espacio con doce plazas se volvi\u00f3 insuficiente. Desde luego lo resolvimos y hubo quienes comieron en otra mesa. Ten\u00edamos tantas ganas de convivir todos juntos (realmente todos juntos en la misma mesa) que nos dio tristeza tener que estar \u201cseparados\u201d. Llegada la sobremesa, algunos miembros de mi familia discut\u00edan qu\u00e9 pod\u00edamos hacer para resolver este \u201cpeque\u00f1o problema\u201d, y me percat\u00e9 de la angustia que estaba generando la situaci\u00f3n. Me atrev\u00ed a romper con el \u00e1nimo que se estaba sentando entre nosotros para comentar lo siguiente: \u201cFamilia, no cabemos en la mesa&#8230; \u00a1bendito problema!\u201d Todos me voltearon a ver con una gran interrogaci\u00f3n en el rostro, sin terminar de entender lo que acababan de escuchar. Luego comenc\u00e9 a detallarles la gran bendici\u00f3n que tenemos detr\u00e1s de este \u201cproblema\u201d: \u201cSomos una familia que adoramos reunirnos, que cada vez crecemos m\u00e1s, que le damos la bienvenida a nuevos integrantes que ya se han vuelto parte de la familia, hemos estado con salud, alegr\u00eda y vigor, y superamos juntos \u00a1y completos! una pandemia. La mesa es lo de menos, lo importante es que estamos juntos y alegr\u00e9monos por nuestro bendito problema\u201d. De pronto volvieron las sonrisas, la calma, y entre todos dimos con la soluci\u00f3n. Hay problemas que solo lo son en apariencia, porque en realidad hay una bendici\u00f3n que los arropa. Y t\u00fa, \u00bfcu\u00e1l es tu bendito problema? Twitter: @claravillarreal contacto@claravillarreal.com<\/p>\n","protected":false},"excerpt":{"rendered":"<p>Clara Villarreal Cuando por encima de todo, realmente son una bendici\u00f3n. En mi casa tenemos la costumbre de comer en familia. Nos gusta vernos, compartir y actualizarnos. Conforme hemos ido creciendo y nuestras actividades, agendas e intereses han ido cambiando, procuramos reunirnos al menos una vez a la semana: todos, juntos, en la mesa. A [&hellip;]<\/p>\n","protected":false},"author":1,"featured_media":73578,"comment_status":"open","ping_status":"open","sticky":true,"template":"","format":"standard","meta":{"footnotes":""},"categories":[14,12],"tags":[],"_links":{"self":[{"href":"https:\/\/diariodigitalmx.com\/index.php\/wp-json\/wp\/v2\/posts\/73576"}],"collection":[{"href":"https:\/\/diariodigitalmx.com\/index.php\/wp-json\/wp\/v2\/posts"}],"about":[{"href":"https:\/\/diariodigitalmx.com\/index.php\/wp-json\/wp\/v2\/types\/post"}],"author":[{"embeddable":true,"href":"https:\/\/diariodigitalmx.com\/index.php\/wp-json\/wp\/v2\/users\/1"}],"replies":[{"embeddable":true,"href":"https:\/\/diariodigitalmx.com\/index.php\/wp-json\/wp\/v2\/comments?post=73576"}],"version-history":[{"count":1,"href":"https:\/\/diariodigitalmx.com\/index.php\/wp-json\/wp\/v2\/posts\/73576\/revisions"}],"predecessor-version":[{"id":73577,"href":"https:\/\/diariodigitalmx.com\/index.php\/wp-json\/wp\/v2\/posts\/73576\/revisions\/73577"}],"wp:featuredmedia":[{"embeddable":true,"href":"https:\/\/diariodigitalmx.com\/index.php\/wp-json\/wp\/v2\/media\/73578"}],"wp:attachment":[{"href":"https:\/\/diariodigitalmx.com\/index.php\/wp-json\/wp\/v2\/media?parent=73576"}],"wp:term":[{"taxonomy":"category","embeddable":true,"href":"https:\/\/diariodigitalmx.com\/index.php\/wp-json\/wp\/v2\/categories?post=73576"},{"taxonomy":"post_tag","embeddable":true,"href":"https:\/\/diariodigitalmx.com\/index.php\/wp-json\/wp\/v2\/tags?post=73576"}],"curies":[{"name":"wp","href":"https:\/\/api.w.org\/{rel}","templated":true}]}}