{"id":7358,"date":"2019-07-05T05:52:32","date_gmt":"2019-07-05T10:52:32","guid":{"rendered":"http:\/\/diariodigitalmx.com\/?p=7358"},"modified":"2019-07-05T05:56:50","modified_gmt":"2019-07-05T10:56:50","slug":"trabado-el-dialogo-entre-autoridad-y-policia-federal","status":"publish","type":"post","link":"https:\/\/diariodigitalmx.com\/index.php\/2019\/07\/05\/trabado-el-dialogo-entre-autoridad-y-policia-federal\/","title":{"rendered":"Trabado el di\u00e1logo entre autoridad y polic\u00eda federal"},"content":{"rendered":"\n<p>*En el Centro de Mando de Iztapalapa se suspendi\u00f3 la mesa luego de que los uniformados se dividieron<\/p>\n\n\n\n<figure class=\"wp-block-image\"><img loading=\"lazy\" decoding=\"async\" width=\"680\" height=\"451\" src=\"http:\/\/diariodigitalmx.com\/wp-content\/uploads\/2019\/07\/images-1-3.jpeg\" alt=\"\" class=\"wp-image-7362\" srcset=\"https:\/\/diariodigitalmx.com\/wp-content\/uploads\/2019\/07\/images-1-3.jpeg 680w, https:\/\/diariodigitalmx.com\/wp-content\/uploads\/2019\/07\/images-1-3-300x199.jpeg 300w\" sizes=\"(max-width: 680px) 100vw, 680px\" \/><\/figure>\n\n\n\n<p><\/p>\n\n\n\n<p>El di\u00e1logo entre los polic\u00edas federales inconformes y las autoridades est\u00e1 trabado luego de dos d\u00edas de intentos de negociaci\u00f3n, bloqueos y se\u00f1alamientos por corrupci\u00f3n e inflitraci\u00f3n en protestas.<br><\/p>\n\n\n\n<p>En el Centro de Mando de la Polic\u00eda Federal (PF), se suspendi\u00f3 la mesa de di\u00e1logo luego de que los mismos polic\u00edas se dividieron, al no encontrar un liderazgo que los gu\u00ede en las negociaciones.<br><\/p>\n\n\n\n<p>Polic\u00edas federales rompen con voceros, exigen indemnizaci\u00f3n<\/p>\n\n\n\n<p>Pese al llamado a la calma del comisario general de la PF Ra\u00fal \u00c1vila Ibarra, titular de la Divisi\u00f3n de las Fuerzas Federales de la Polic\u00eda Federal, los inconformes piden la presencia del titular de la Secretar\u00eda de Seguridad y Protecci\u00f3n Ciudadana, Alfonso Durazo (SSPC), y llaman traidores a todo aquel elemento que se les oponga en sus exigencia.<br><\/p>\n\n\n\n<p>Ayer un grupo de poco mas de 100 elementos de la Polic\u00eda Federal rompi\u00f3 con sus representantes en la comisi\u00f3n negociadora con las autoridades, al rechazar los acuerdos alcanzados en las mesas de trabajo.<br><\/p>\n\n\n\n<p>Lo acusaron de &#8220;vendido&#8221; y exigieron dejar la mesa de negociaci\u00f3n. &#8220;Lo que nosotros necesitamos es la indemnizaci\u00f3n y \u00a1v\u00e1monos!. Ya estoy hasta la madre&#8221;, a lo que sus compa\u00f1eros polic\u00eda respondieron &#8220;indemnizaci\u00f3n, indemnizaci\u00f3n, indemnizaci\u00f3n, indemnizaci\u00f3n\u201d.<br><\/p>\n\n\n\n<p>ACUSACIONES<br><\/p>\n\n\n\n<p>M\u00e1s temprano, en una conferencia de prensa, el titular de la Secretar\u00eda de Seguridad y Protecci\u00f3n Ciudadana, Alfonso Durazo, acus\u00f3 que uno de los l\u00edderes del movimiento, Ignacio Benavente Torres, de la asociaci\u00f3n Prolibertad y de Derechos Humanos en Am\u00e9rica cumpli\u00f3 una condena por secuestro.<br><\/p>\n\n\n\n<p>Se\u00f1al\u00f3 tambi\u00e9n que interpondr\u00e1 una denuncia ante la Fiscal\u00eda General de la rep\u00fablica (FGR) por la adquisici\u00f3n a sobreprecio de un sistema de inteligencia en la PF por parte del gobierno de Enrique Pe\u00f1a Nieto, sistema conocido como Rafael que sirve para el an\u00e1lisis, dise\u00f1o de exploraci\u00f3n de informaci\u00f3n de inteligencia. <br><\/p>\n\n\n\n<p>Recalc\u00f3 que se destinaron dos mil 458 millones de pesos y se realiz\u00f3 a trav\u00e9s de la partida de 33,701 de gastos de seguridad p\u00fablica sin seguridad de las mejores condiciones al estado.<br><\/p>\n\n\n\n<p>En este sentido, dijo que en breve se presentar\u00e1n denuncias no s\u00f3lo en el plano administrativo sino en la esfera penal tras el hallazgo de contratos que favorecieron a particulares y con adjudicaciones a sobreprecio.<br><\/p>\n\n\n\n<p>Dijo que al interior de la Polic\u00eda Federal, actualmente en litigio la adquisici\u00f3n de un sistema de inteligencia que se contrat\u00f3 el 23 de diciembre de 2015, por dos mil 458 millones de pesos, conocido con el nombre de Rafael.<br><\/p>\n\n\n\n<p>Durante la ma\u00f1anera, Andr\u00e9s Manuel L\u00f3pez Obrador reiter\u00f3 que se realizar\u00e1 una investigaci\u00f3n a fondo para revelar los actos de corrupci\u00f3n y se d\u00e9 a conocer los nombres de los responsables de lo que ha calificado como podredumbre al interior de la instituci\u00f3n de seguridad.<br><\/p>\n\n\n\n<p>\u201cYa presente, que se haga una investigaci\u00f3n a fondo, sobre todo, que se den a conocer las denuncias presentadas de corrupci\u00f3n y se investigue m\u00e1s de la Polic\u00eda Federal\u201d, advirti\u00f3.<br><\/p>\n\n\n\n<p>Aunque confirm\u00f3 que en 18 meses desaparecer\u00e1 la Polic\u00eda Federal, el Presidente asegur\u00f3 que ninguno de los actuales efectivos ser\u00e1n despedidos o perder\u00e1n sus prestaciones, si no se incorporan a la Guardia Nacional.<\/p>\n\n\n\n<p><br><\/p>\n\n\n\n<figure class=\"wp-block-image\"><img loading=\"lazy\" decoding=\"async\" width=\"507\" height=\"387\" src=\"http:\/\/diariodigitalmx.com\/wp-content\/uploads\/2019\/07\/federales3.jpg\" alt=\"\" class=\"wp-image-7327\" srcset=\"https:\/\/diariodigitalmx.com\/wp-content\/uploads\/2019\/07\/federales3.jpg 507w, https:\/\/diariodigitalmx.com\/wp-content\/uploads\/2019\/07\/federales3-300x229.jpg 300w\" sizes=\"(max-width: 507px) 100vw, 507px\" \/><\/figure>\n\n\n\n<p>APOYO EN PROVINCIA<br><\/p>\n\n\n\n<p>Miembros de la PF en los estados de la rep\u00fablica se sumaron a las manifestaciones. Elementos en Monterrey, Nuevo Le\u00f3n; Matehuala, San Luis Potos\u00ed; Tapachula, Chiapas; Hermosillo Sonora, entre otros, hicieron paro de labores, o toma de casetas, o manifestaciones p\u00fablicas para expresar su inconformidad.<\/p>\n","protected":false},"excerpt":{"rendered":"<p>*En el Centro de Mando de Iztapalapa se suspendi\u00f3 la mesa luego de que los uniformados se dividieron El di\u00e1logo entre los polic\u00edas federales inconformes y las autoridades est\u00e1 trabado luego de dos d\u00edas de intentos de negociaci\u00f3n, bloqueos y se\u00f1alamientos por corrupci\u00f3n e inflitraci\u00f3n en protestas. En el Centro de Mando de la Polic\u00eda [&hellip;]<\/p>\n","protected":false},"author":1,"featured_media":7360,"comment_status":"open","ping_status":"open","sticky":true,"template":"","format":"standard","meta":{"footnotes":""},"categories":[14,2],"tags":[],"_links":{"self":[{"href":"https:\/\/diariodigitalmx.com\/index.php\/wp-json\/wp\/v2\/posts\/7358"}],"collection":[{"href":"https:\/\/diariodigitalmx.com\/index.php\/wp-json\/wp\/v2\/posts"}],"about":[{"href":"https:\/\/diariodigitalmx.com\/index.php\/wp-json\/wp\/v2\/types\/post"}],"author":[{"embeddable":true,"href":"https:\/\/diariodigitalmx.com\/index.php\/wp-json\/wp\/v2\/users\/1"}],"replies":[{"embeddable":true,"href":"https:\/\/diariodigitalmx.com\/index.php\/wp-json\/wp\/v2\/comments?post=7358"}],"version-history":[{"count":3,"href":"https:\/\/diariodigitalmx.com\/index.php\/wp-json\/wp\/v2\/posts\/7358\/revisions"}],"predecessor-version":[{"id":7365,"href":"https:\/\/diariodigitalmx.com\/index.php\/wp-json\/wp\/v2\/posts\/7358\/revisions\/7365"}],"wp:featuredmedia":[{"embeddable":true,"href":"https:\/\/diariodigitalmx.com\/index.php\/wp-json\/wp\/v2\/media\/7360"}],"wp:attachment":[{"href":"https:\/\/diariodigitalmx.com\/index.php\/wp-json\/wp\/v2\/media?parent=7358"}],"wp:term":[{"taxonomy":"category","embeddable":true,"href":"https:\/\/diariodigitalmx.com\/index.php\/wp-json\/wp\/v2\/categories?post=7358"},{"taxonomy":"post_tag","embeddable":true,"href":"https:\/\/diariodigitalmx.com\/index.php\/wp-json\/wp\/v2\/tags?post=7358"}],"curies":[{"name":"wp","href":"https:\/\/api.w.org\/{rel}","templated":true}]}}