{"id":73587,"date":"2022-03-29T15:35:04","date_gmt":"2022-03-29T21:35:04","guid":{"rendered":"http:\/\/diariodigitalmx.com\/?p=73587"},"modified":"2022-03-29T15:36:39","modified_gmt":"2022-03-29T21:36:39","slug":"dice-samuel-que-le-fue-de-lujo-y-que-solucionara-el-problema-del-agua","status":"publish","type":"post","link":"https:\/\/diariodigitalmx.com\/index.php\/2022\/03\/29\/dice-samuel-que-le-fue-de-lujo-y-que-solucionara-el-problema-del-agua\/","title":{"rendered":"Dice Samuel que le fue de lujo y que, solucionar\u00e1 el problema del agua"},"content":{"rendered":"\n<p>Walter Elizondo <\/p>\n\n\n\n<p>Monterrey &#8211; Apenas sali\u00f3 de Palacio Nacional tras su entrevista con el presidente Andr\u00e9s Manuel L\u00f3pez, el gobernador de Nuevo Le\u00f3n, Samuel Garc\u00eda dijo que le fue de lujo.&nbsp;<\/p>\n\n\n\n<p>Sin abundar en los temas, coment\u00f3 que se va a arreglar de una vez por todas el problema del agua en la zona metropolitana regiomontana.&nbsp;<\/p>\n\n\n\n<p>&#8220;Bueno, nos fue de lujo, estamos muy contentos, una gran, gran reuni\u00f3n con el Presidente Andr\u00e9s Manuel, vamos a arreglar el tema del agua de una vez por todas para Nuevo Le\u00f3n, para la zona metropolitana, vienen muchos proyectos de agua&#8221;.<\/p>\n\n\n\n<figure class=\"wp-block-image size-large\"><img loading=\"lazy\" decoding=\"async\" width=\"986\" height=\"1024\" src=\"http:\/\/diariodigitalmx.com\/wp-content\/uploads\/2022\/03\/Screenshot_20220329_145448_com.facebook.katana2-986x1024.jpg\" alt=\"\" class=\"wp-image-73590\" srcset=\"https:\/\/diariodigitalmx.com\/wp-content\/uploads\/2022\/03\/Screenshot_20220329_145448_com.facebook.katana2-986x1024.jpg 986w, https:\/\/diariodigitalmx.com\/wp-content\/uploads\/2022\/03\/Screenshot_20220329_145448_com.facebook.katana2-289x300.jpg 289w, https:\/\/diariodigitalmx.com\/wp-content\/uploads\/2022\/03\/Screenshot_20220329_145448_com.facebook.katana2-768x797.jpg 768w, https:\/\/diariodigitalmx.com\/wp-content\/uploads\/2022\/03\/Screenshot_20220329_145448_com.facebook.katana2.jpg 1070w\" sizes=\"(max-width: 986px) 100vw, 986px\" \/><\/figure>\n\n\n\n<p>Inclusive, no s\u00f3lo el problema del agua tendr\u00e1 soluci\u00f3n, sino que habr\u00e1 m\u00e1s apoyo federal y m\u00e1s aportaciones para otras obras.&nbsp;<\/p>\n\n\n\n<p>&#8220;Vienen buenas noticias para Nuevo Le\u00f3n, vienen m\u00e1s participaciones, m\u00e1s aportaciones, el proyecto del tren suburbano y en general muy contentos y muy agradecidos con el Presidente de tomar a Nuevo Le\u00f3n en cuenta&#8221;,<\/p>\n\n\n\n<p>En la reuni\u00f3n estuvieron presentes funcionarios de Banobras y de las secretar\u00edas de Hacienda y Comunicaciones.<\/p>\n\n\n\n<p>Desde hace una semana se inici\u00f3 el corte programado de agua a la poblaci\u00f3n, la que se dividi\u00f3 en siete zonas y un d\u00eda no tendr\u00e1n suministro m\u00e1s que cuatro horas.&nbsp;<\/p>\n\n\n\n<p>Adem\u00e1s las presas tienen problemas de abasto, de las tres que suministran, La Boca casi est\u00e1 seca y ya no puede bombear, Cerro Prieto, est\u00e1 a punto de la seca y El Cuchillo tiene un 50 por ciento de captaci\u00f3n.&nbsp;<\/p>\n\n\n\n<p>No hay pron\u00f3sticos de lluvias y las temperaturas ya oscilan en los 30 grados, pero tienden a subir en los pr\u00f3ximos meses hasta los 40.<\/p>\n","protected":false},"excerpt":{"rendered":"<p>Walter Elizondo Monterrey &#8211; Apenas sali\u00f3 de Palacio Nacional tras su entrevista con el presidente Andr\u00e9s Manuel L\u00f3pez, el gobernador de Nuevo Le\u00f3n, Samuel Garc\u00eda dijo que le fue de lujo.&nbsp; Sin abundar en los temas, coment\u00f3 que se va a arreglar de una vez por todas el problema del agua en la zona metropolitana [&hellip;]<\/p>\n","protected":false},"author":1,"featured_media":73589,"comment_status":"open","ping_status":"open","sticky":true,"template":"","format":"standard","meta":{"footnotes":""},"categories":[6,3],"tags":[],"_links":{"self":[{"href":"https:\/\/diariodigitalmx.com\/index.php\/wp-json\/wp\/v2\/posts\/73587"}],"collection":[{"href":"https:\/\/diariodigitalmx.com\/index.php\/wp-json\/wp\/v2\/posts"}],"about":[{"href":"https:\/\/diariodigitalmx.com\/index.php\/wp-json\/wp\/v2\/types\/post"}],"author":[{"embeddable":true,"href":"https:\/\/diariodigitalmx.com\/index.php\/wp-json\/wp\/v2\/users\/1"}],"replies":[{"embeddable":true,"href":"https:\/\/diariodigitalmx.com\/index.php\/wp-json\/wp\/v2\/comments?post=73587"}],"version-history":[{"count":2,"href":"https:\/\/diariodigitalmx.com\/index.php\/wp-json\/wp\/v2\/posts\/73587\/revisions"}],"predecessor-version":[{"id":73591,"href":"https:\/\/diariodigitalmx.com\/index.php\/wp-json\/wp\/v2\/posts\/73587\/revisions\/73591"}],"wp:featuredmedia":[{"embeddable":true,"href":"https:\/\/diariodigitalmx.com\/index.php\/wp-json\/wp\/v2\/media\/73589"}],"wp:attachment":[{"href":"https:\/\/diariodigitalmx.com\/index.php\/wp-json\/wp\/v2\/media?parent=73587"}],"wp:term":[{"taxonomy":"category","embeddable":true,"href":"https:\/\/diariodigitalmx.com\/index.php\/wp-json\/wp\/v2\/categories?post=73587"},{"taxonomy":"post_tag","embeddable":true,"href":"https:\/\/diariodigitalmx.com\/index.php\/wp-json\/wp\/v2\/tags?post=73587"}],"curies":[{"name":"wp","href":"https:\/\/api.w.org\/{rel}","templated":true}]}}