{"id":73593,"date":"2022-03-29T16:53:18","date_gmt":"2022-03-29T22:53:18","guid":{"rendered":"http:\/\/diariodigitalmx.com\/?p=73593"},"modified":"2022-03-29T16:54:12","modified_gmt":"2022-03-29T22:54:12","slug":"esposa-del-bronco-en-contra-de-revelar-identidad-y-exhibir-a-menores","status":"publish","type":"post","link":"https:\/\/diariodigitalmx.com\/index.php\/2022\/03\/29\/esposa-del-bronco-en-contra-de-revelar-identidad-y-exhibir-a-menores\/","title":{"rendered":"Esposa del Bronco en contra de revelar identidad y exhibir a menores"},"content":{"rendered":"\n<p>*Visita a su marido en el Cereso y le lleva cartas de sus hijos<\/p>\n\n\n\n<p>Monterrey &#8211; Adalina D\u00e1valos, esposa del Bronco, adelant\u00f3 que luchar\u00e1 porque se respete la identidad de los hijos y que no sean tocados o exhibidos.&nbsp;<\/p>\n\n\n\n<p>La ex presidenta del DIF acudi\u00f3 a la visita normal que hace a su marido el ex gobernador Jaime Rodr\u00edguez Calder\u00f3n interno en el Penal 2 de Apodaca, y rechaz\u00f3 hablar sobre temas pol\u00edticos y el asunto jur\u00eddico de su marido.&nbsp;<\/p>\n\n\n\n<p>Sin embargo, s\u00ed asegur\u00f3 que ahora que buscar\u00e1 ayudar o crear una organizaci\u00f3n para ayudar a los ni\u00f1os, que al igual que sus hijos, sufren por una situaci\u00f3n como la que viven.<\/p>\n\n\n\n<figure class=\"wp-block-image size-large\"><img loading=\"lazy\" decoding=\"async\" width=\"964\" height=\"549\" src=\"http:\/\/diariodigitalmx.com\/wp-content\/uploads\/2022\/03\/Screenshot_20220329_164049_com.android.chrome2.jpg\" alt=\"\" class=\"wp-image-73596\" srcset=\"https:\/\/diariodigitalmx.com\/wp-content\/uploads\/2022\/03\/Screenshot_20220329_164049_com.android.chrome2.jpg 964w, https:\/\/diariodigitalmx.com\/wp-content\/uploads\/2022\/03\/Screenshot_20220329_164049_com.android.chrome2-300x171.jpg 300w, https:\/\/diariodigitalmx.com\/wp-content\/uploads\/2022\/03\/Screenshot_20220329_164049_com.android.chrome2-768x437.jpg 768w\" sizes=\"(max-width: 964px) 100vw, 964px\" \/><\/figure>\n\n\n\n<p>&#8220;Y sobre todo, exigir como lo hice estos seis a\u00f1os, el respeto a la identidad, y eso se lo pido a ustedes los medios, que nuestros hijos no deben de ser tocados ni exhibidos&#8221;.<\/p>\n\n\n\n<p>Aunque en ning\u00fan momento se refiri\u00f3 a ella ni opino sobre el actual gobierno que les sucedi\u00f3, Mariana Rodr\u00edguez, esposa del gobernador Samuel Garc\u00eda, mantiene una pol\u00edtica en redes sociales&nbsp; de publicar fotograf\u00edas de menores del DIF Capullos, principalmente.&nbsp;<\/p>\n\n\n\n<p>D\u00e1valos llev\u00f3 cartas que sus hijos escribieron a su padre que est\u00e1 en el Cereso desde el 15 de marzo pasado y a qui\u00e9n extra\u00f1an. \u201cVine a apoyarlo por la preocupaci\u00f3n que tienen mis hijos, sus hijos, nuestros hijos. Vine a leerle cartitas que le han escrito\u201d.&nbsp;<\/p>\n\n\n\n<p>\u201cMis hijos est\u00e1n tranquilos, tambi\u00e9n lloramos, tambi\u00e9n platicamos, ellos saben la realidad de lo que est\u00e1 pasando. No lo puedo alejar de todos ustedes, la nota todos los d\u00edas es su pap\u00e1\u201d, coment\u00f3 acompa\u00f1ada de Gabriel Garc\u00eda, abogado defensor.<\/p>\n\n\n\n<p>Calific\u00f3 de dif\u00edcil el proceso que enfrentan, pero no \u00fanico, y cree que ser\u00e1 un \u201cinstrumento de Dios\u201d&nbsp; para ayudar a los ni\u00f1os que est\u00e9n pasando por situaciones similares a las que viven sus hijos.<\/p>\n\n\n\n<p>\u201cNo somos los \u00fanicos que vivimos esta situaci\u00f3n. Hoy voy a ser instrumento De Dios, apoyar\u00e9 a muchas de las familias y muchos de los ni\u00f1os que estar\u00e1n viviendo esta situaci\u00f3n\u201d.<\/p>\n\n\n\n<p>Sobre la salud de su marido mencion\u00f3 que esta bien, que es bien atendido m\u00e9dicamente y que los padecimientos ya los ten\u00eda desde hace tiempo.&nbsp;<\/p>\n\n\n\n<p>La se\u00f1ora D\u00e1valos aclar\u00f3 adem\u00e1s que no tiene ning\u00fan privilegio, que acude a las visitas en tiempo y forma como el resto de las personas, y sostuvo que el haber conseguido un amparo contra posible detenci\u00f3n, es un derecho que tiene.&nbsp;<\/p>\n","protected":false},"excerpt":{"rendered":"<p>*Visita a su marido en el Cereso y le lleva cartas de sus hijos Monterrey &#8211; Adalina D\u00e1valos, esposa del Bronco, adelant\u00f3 que luchar\u00e1 porque se respete la identidad de los hijos y que no sean tocados o exhibidos.&nbsp; La ex presidenta del DIF acudi\u00f3 a la visita normal que hace a su marido el [&hellip;]<\/p>\n","protected":false},"author":1,"featured_media":73595,"comment_status":"open","ping_status":"open","sticky":true,"template":"","format":"standard","meta":{"footnotes":""},"categories":[6,3],"tags":[],"_links":{"self":[{"href":"https:\/\/diariodigitalmx.com\/index.php\/wp-json\/wp\/v2\/posts\/73593"}],"collection":[{"href":"https:\/\/diariodigitalmx.com\/index.php\/wp-json\/wp\/v2\/posts"}],"about":[{"href":"https:\/\/diariodigitalmx.com\/index.php\/wp-json\/wp\/v2\/types\/post"}],"author":[{"embeddable":true,"href":"https:\/\/diariodigitalmx.com\/index.php\/wp-json\/wp\/v2\/users\/1"}],"replies":[{"embeddable":true,"href":"https:\/\/diariodigitalmx.com\/index.php\/wp-json\/wp\/v2\/comments?post=73593"}],"version-history":[{"count":2,"href":"https:\/\/diariodigitalmx.com\/index.php\/wp-json\/wp\/v2\/posts\/73593\/revisions"}],"predecessor-version":[{"id":73597,"href":"https:\/\/diariodigitalmx.com\/index.php\/wp-json\/wp\/v2\/posts\/73593\/revisions\/73597"}],"wp:featuredmedia":[{"embeddable":true,"href":"https:\/\/diariodigitalmx.com\/index.php\/wp-json\/wp\/v2\/media\/73595"}],"wp:attachment":[{"href":"https:\/\/diariodigitalmx.com\/index.php\/wp-json\/wp\/v2\/media?parent=73593"}],"wp:term":[{"taxonomy":"category","embeddable":true,"href":"https:\/\/diariodigitalmx.com\/index.php\/wp-json\/wp\/v2\/categories?post=73593"},{"taxonomy":"post_tag","embeddable":true,"href":"https:\/\/diariodigitalmx.com\/index.php\/wp-json\/wp\/v2\/tags?post=73593"}],"curies":[{"name":"wp","href":"https:\/\/api.w.org\/{rel}","templated":true}]}}