{"id":73605,"date":"2022-03-29T18:25:33","date_gmt":"2022-03-30T00:25:33","guid":{"rendered":"http:\/\/diariodigitalmx.com\/?p=73605"},"modified":"2022-03-29T18:34:24","modified_gmt":"2022-03-30T00:34:24","slug":"en-escobedo-en-accion-los-guardianes-del-agua-en-las-escuelas","status":"publish","type":"post","link":"https:\/\/diariodigitalmx.com\/index.php\/2022\/03\/29\/en-escobedo-en-accion-los-guardianes-del-agua-en-las-escuelas\/","title":{"rendered":"En Escobedo, en acci\u00f3n los &#8220;Guardianes del Agua&#8221;, en las escuelas"},"content":{"rendered":"\n<figure class=\"wp-block-video\"><video controls src=\"http:\/\/diariodigitalmx.com\/wp-content\/uploads\/2022\/03\/INICIO-DE-CAMPANA-GUARDIANES-DEL-AGUA-VISITA-A-ESCUELA-PRIMARIA-MEDIOS-ASPECTOS.mp4\"><\/video><\/figure>\n\n\n\n<p>Escobedo- Para concientizar a los ni\u00f1os y ni\u00f1as sobre la escasez de agua por la que atraviesa el Estado, el Gobierno de Escobedo llev\u00f3 a los planteles educativos de nivel b\u00e1sico la campa\u00f1a \u201cGuardianes del Agua\u201d.<\/p>\n\n\n\n<p>A trav\u00e9s de diversas actividades en las escuelas, se busca reforzar la cultura del cuidado del vital l\u00edquido en los alumnos y que posteriormente puedan practicarlas en sus hogares.<\/p>\n\n\n\n<figure class=\"wp-block-image size-large\"><img loading=\"lazy\" decoding=\"async\" width=\"1024\" height=\"683\" src=\"http:\/\/diariodigitalmx.com\/wp-content\/uploads\/2022\/03\/IMG_8212-1024x683.jpg\" alt=\"\" class=\"wp-image-73609\" srcset=\"https:\/\/diariodigitalmx.com\/wp-content\/uploads\/2022\/03\/IMG_8212-1024x683.jpg 1024w, https:\/\/diariodigitalmx.com\/wp-content\/uploads\/2022\/03\/IMG_8212-300x200.jpg 300w, https:\/\/diariodigitalmx.com\/wp-content\/uploads\/2022\/03\/IMG_8212-768x512.jpg 768w, https:\/\/diariodigitalmx.com\/wp-content\/uploads\/2022\/03\/IMG_8212-1536x1024.jpg 1536w, https:\/\/diariodigitalmx.com\/wp-content\/uploads\/2022\/03\/IMG_8212-2048x1365.jpg 2048w\" sizes=\"(max-width: 1024px) 100vw, 1024px\" \/><\/figure>\n\n\n\n<p>Durante la ma\u00f1ana de este martes, el Alcalde Andr\u00e9s Mijes visit\u00f3 la Escuela Primaria Ra\u00fal Rangel Fr\u00edas, ubicada en la Colonia Haciendas de Escobedo, en donde a los alumnos se les relat\u00f3 un cuento llamado \u201cLos guardianes del agua\u201d, el cual trata sobre la problem\u00e1tica actual del recurso natural y qu\u00e9 es lo que se debe hacer para su permanencia.&nbsp;<\/p>\n\n\n\n<figure class=\"wp-block-image size-large\"><img loading=\"lazy\" decoding=\"async\" width=\"1024\" height=\"683\" src=\"http:\/\/diariodigitalmx.com\/wp-content\/uploads\/2022\/03\/IMG_8117-1024x683.jpg\" alt=\"\" class=\"wp-image-73612\" srcset=\"https:\/\/diariodigitalmx.com\/wp-content\/uploads\/2022\/03\/IMG_8117-1024x683.jpg 1024w, https:\/\/diariodigitalmx.com\/wp-content\/uploads\/2022\/03\/IMG_8117-300x200.jpg 300w, https:\/\/diariodigitalmx.com\/wp-content\/uploads\/2022\/03\/IMG_8117-768x512.jpg 768w, https:\/\/diariodigitalmx.com\/wp-content\/uploads\/2022\/03\/IMG_8117-1536x1024.jpg 1536w, https:\/\/diariodigitalmx.com\/wp-content\/uploads\/2022\/03\/IMG_8117-2048x1365.jpg 2048w\" sizes=\"(max-width: 1024px) 100vw, 1024px\" \/><\/figure>\n\n\n\n<p>El Edil otorg\u00f3 la insignia a las y los estudiantes que participaron en un concurso de dibujo donde plasmaron la manera en que pueden ayudar a cuidar el vital l\u00edquido y dar soluciones a la problem\u00e1tica.&nbsp;<\/p>\n\n\n\n<p>Adem\u00e1s, encabez\u00f3 la toma de protesta a las y los ni\u00f1os del plantel como \u201cGuardianes del agua\u201d.<\/p>\n\n\n\n<figure class=\"wp-block-image size-large\"><img loading=\"lazy\" decoding=\"async\" width=\"1024\" height=\"683\" src=\"http:\/\/diariodigitalmx.com\/wp-content\/uploads\/2022\/03\/IMG_8177-1024x683.jpg\" alt=\"\" class=\"wp-image-73614\" srcset=\"https:\/\/diariodigitalmx.com\/wp-content\/uploads\/2022\/03\/IMG_8177-1024x683.jpg 1024w, https:\/\/diariodigitalmx.com\/wp-content\/uploads\/2022\/03\/IMG_8177-300x200.jpg 300w, https:\/\/diariodigitalmx.com\/wp-content\/uploads\/2022\/03\/IMG_8177-768x512.jpg 768w, https:\/\/diariodigitalmx.com\/wp-content\/uploads\/2022\/03\/IMG_8177-1536x1024.jpg 1536w, https:\/\/diariodigitalmx.com\/wp-content\/uploads\/2022\/03\/IMG_8177-2048x1365.jpg 2048w\" sizes=\"(max-width: 1024px) 100vw, 1024px\" \/><\/figure>\n\n\n\n<p>Esta actividad se suma a la serie de acciones y medidas que implement\u00f3 el Municipio de Escobedo con el fin de concientizar a la poblaci\u00f3n sobre el cuidado y el reto de ahorrar el vital l\u00edquido.<\/p>\n\n\n\n<figure class=\"wp-block-image size-large\"><img loading=\"lazy\" decoding=\"async\" width=\"1024\" height=\"683\" src=\"http:\/\/diariodigitalmx.com\/wp-content\/uploads\/2022\/03\/AYD_0294-1024x683.jpg\" alt=\"\" class=\"wp-image-73617\" srcset=\"https:\/\/diariodigitalmx.com\/wp-content\/uploads\/2022\/03\/AYD_0294-1024x683.jpg 1024w, https:\/\/diariodigitalmx.com\/wp-content\/uploads\/2022\/03\/AYD_0294-300x200.jpg 300w, https:\/\/diariodigitalmx.com\/wp-content\/uploads\/2022\/03\/AYD_0294-768x512.jpg 768w, https:\/\/diariodigitalmx.com\/wp-content\/uploads\/2022\/03\/AYD_0294-1536x1024.jpg 1536w, https:\/\/diariodigitalmx.com\/wp-content\/uploads\/2022\/03\/AYD_0294-2048x1365.jpg 2048w\" sizes=\"(max-width: 1024px) 100vw, 1024px\" \/><\/figure>\n\n\n\n<p>Al evento asisti\u00f3 Francisco Valdez Mart\u00ednez, Administrador de Programas Federalizados de Agua y Drenaje; as\u00ed como el Secretario de Bienestar, Daniel Flores Carrales; el Director de Fomento de Educaci\u00f3n, Cultura y las Artes, Hugo Espiricueta S\u00e1nchez y el Director del plantel, Juan \u00c1ngel Reyna Reyna.&nbsp;&nbsp;<\/p>\n","protected":false},"excerpt":{"rendered":"<p>Escobedo- Para concientizar a los ni\u00f1os y ni\u00f1as sobre la escasez de agua por la que atraviesa el Estado, el Gobierno de Escobedo llev\u00f3 a los planteles educativos de nivel b\u00e1sico la campa\u00f1a \u201cGuardianes del Agua\u201d. A trav\u00e9s de diversas actividades en las escuelas, se busca reforzar la cultura del cuidado del vital l\u00edquido en [&hellip;]<\/p>\n","protected":false},"author":1,"featured_media":73608,"comment_status":"open","ping_status":"open","sticky":true,"template":"","format":"standard","meta":{"footnotes":""},"categories":[14,6],"tags":[],"_links":{"self":[{"href":"https:\/\/diariodigitalmx.com\/index.php\/wp-json\/wp\/v2\/posts\/73605"}],"collection":[{"href":"https:\/\/diariodigitalmx.com\/index.php\/wp-json\/wp\/v2\/posts"}],"about":[{"href":"https:\/\/diariodigitalmx.com\/index.php\/wp-json\/wp\/v2\/types\/post"}],"author":[{"embeddable":true,"href":"https:\/\/diariodigitalmx.com\/index.php\/wp-json\/wp\/v2\/users\/1"}],"replies":[{"embeddable":true,"href":"https:\/\/diariodigitalmx.com\/index.php\/wp-json\/wp\/v2\/comments?post=73605"}],"version-history":[{"count":7,"href":"https:\/\/diariodigitalmx.com\/index.php\/wp-json\/wp\/v2\/posts\/73605\/revisions"}],"predecessor-version":[{"id":73622,"href":"https:\/\/diariodigitalmx.com\/index.php\/wp-json\/wp\/v2\/posts\/73605\/revisions\/73622"}],"wp:featuredmedia":[{"embeddable":true,"href":"https:\/\/diariodigitalmx.com\/index.php\/wp-json\/wp\/v2\/media\/73608"}],"wp:attachment":[{"href":"https:\/\/diariodigitalmx.com\/index.php\/wp-json\/wp\/v2\/media?parent=73605"}],"wp:term":[{"taxonomy":"category","embeddable":true,"href":"https:\/\/diariodigitalmx.com\/index.php\/wp-json\/wp\/v2\/categories?post=73605"},{"taxonomy":"post_tag","embeddable":true,"href":"https:\/\/diariodigitalmx.com\/index.php\/wp-json\/wp\/v2\/tags?post=73605"}],"curies":[{"name":"wp","href":"https:\/\/api.w.org\/{rel}","templated":true}]}}