{"id":73648,"date":"2022-03-30T13:02:09","date_gmt":"2022-03-30T19:02:09","guid":{"rendered":"http:\/\/diariodigitalmx.com\/?p=73648"},"modified":"2022-03-30T13:03:38","modified_gmt":"2022-03-30T19:03:38","slug":"viento-complica-combate-al-incendio-en-la-sierra-de-santiago","status":"publish","type":"post","link":"https:\/\/diariodigitalmx.com\/index.php\/2022\/03\/30\/viento-complica-combate-al-incendio-en-la-sierra-de-santiago\/","title":{"rendered":"Viento complica combate al incendio en la Sierra de Santiago"},"content":{"rendered":"\n<p>Walter Elizondo <\/p>\n\n\n\n<p>Santiago-&nbsp; Rachas de viento de hasta de 70 kil\u00f3metros por hora avivaron durante la madrugada de este mi\u00e9rcoles, el fuego en el incendio de la Sierra de Santiago, lo que dificulta las acciones de combate.&nbsp;<\/p>\n\n\n\n<p>Mientras tanto, fueron evacuadas diez familias de las comunidades de Lagunillas, Mesa del Oso y El Hondable, las que se suman a las poco m\u00e1s de 100 que se llevaron la semana pasada a \u00e1reas fuera de peligro, en su mayor\u00eda de Potrero Redondo.&nbsp;<\/p>\n\n\n\n<p>El Alcalde de Santiago, David de la Pe\u00f1a inform\u00f3 que la jornada se ha visto complicada con las rachas de viento y el humo del incendio, pues las aeronaves no pueden volar.<\/p>\n\n\n\n<figure class=\"wp-block-image size-large\"><img loading=\"lazy\" decoding=\"async\" width=\"1024\" height=\"683\" src=\"http:\/\/diariodigitalmx.com\/wp-content\/uploads\/2022\/03\/FB_IMG_1648650316780-1024x683.jpg\" alt=\"\" class=\"wp-image-73651\" srcset=\"https:\/\/diariodigitalmx.com\/wp-content\/uploads\/2022\/03\/FB_IMG_1648650316780-1024x683.jpg 1024w, https:\/\/diariodigitalmx.com\/wp-content\/uploads\/2022\/03\/FB_IMG_1648650316780-300x200.jpg 300w, https:\/\/diariodigitalmx.com\/wp-content\/uploads\/2022\/03\/FB_IMG_1648650316780-768x512.jpg 768w, https:\/\/diariodigitalmx.com\/wp-content\/uploads\/2022\/03\/FB_IMG_1648650316780.jpg 1080w\" sizes=\"(max-width: 1024px) 100vw, 1024px\" \/><\/figure>\n\n\n\n<p>Durante la ma\u00f1ana de este mi\u00e9rcoles trabajaron dos helic\u00f3pteros del Estado y el resto de Marina y Sedena&nbsp; esperaban cambiaran los vientos.&nbsp;<\/p>\n\n\n\n<p>De acuerdo a De la Pe\u00f1a, se da prioridad a la seguridad de personas, despu\u00e9s a la infraestructura, y posteriormente al medio ambiente.<\/p>\n\n\n\n<figure class=\"wp-block-image size-large\"><img loading=\"lazy\" decoding=\"async\" width=\"1024\" height=\"683\" src=\"http:\/\/diariodigitalmx.com\/wp-content\/uploads\/2022\/03\/FB_IMG_1648650290062-1024x683.jpg\" alt=\"\" class=\"wp-image-73653\" srcset=\"https:\/\/diariodigitalmx.com\/wp-content\/uploads\/2022\/03\/FB_IMG_1648650290062-1024x683.jpg 1024w, https:\/\/diariodigitalmx.com\/wp-content\/uploads\/2022\/03\/FB_IMG_1648650290062-300x200.jpg 300w, https:\/\/diariodigitalmx.com\/wp-content\/uploads\/2022\/03\/FB_IMG_1648650290062-768x512.jpg 768w, https:\/\/diariodigitalmx.com\/wp-content\/uploads\/2022\/03\/FB_IMG_1648650290062.jpg 1080w\" sizes=\"(max-width: 1024px) 100vw, 1024px\" \/><\/figure>\n\n\n\n<p>El edil rechaz\u00f3 que&nbsp; las llamas hayan alcanzado una serie de caba\u00f1as destinadas al turismo, y coment\u00f3 que m\u00e1s de 350 elementos entre voluntarios, de cuerpos de socorro estatales y municipales y del gobierno federal, colaboran en el combate al siniestro que ha sido controlado en un 45 por ciento, con un consumo de m\u00e1s de mil 300 hect\u00e1reas.&nbsp;<\/p>\n\n\n\n<p>Los pron\u00f3sticos se\u00f1alaban que durante todo el mi\u00e9rcoles habr\u00eda rachas de viento.&nbsp;<\/p>\n\n\n\n<p>En el combate al fuego se tienen ya ocho aeronaves.&nbsp;<\/p>\n\n\n\n<p>El Municipio de Santiago se ubica a unos 25 kil\u00f3metros al sur de Monterrey, es donde se ubica el ahora vaso seco de la Presa La Boca, y su territorio monta\u00f1oso asienta casas de campo de pudientes, empresarios y pol\u00edticos, adem\u00e1s de fraccionamientos de alto poder adquisitivo.&nbsp;<\/p>\n","protected":false},"excerpt":{"rendered":"<p>Walter Elizondo Santiago-&nbsp; Rachas de viento de hasta de 70 kil\u00f3metros por hora avivaron durante la madrugada de este mi\u00e9rcoles, el fuego en el incendio de la Sierra de Santiago, lo que dificulta las acciones de combate.&nbsp; Mientras tanto, fueron evacuadas diez familias de las comunidades de Lagunillas, Mesa del Oso y El Hondable, las [&hellip;]<\/p>\n","protected":false},"author":1,"featured_media":73650,"comment_status":"open","ping_status":"open","sticky":true,"template":"","format":"standard","meta":{"footnotes":""},"categories":[6,3],"tags":[],"_links":{"self":[{"href":"https:\/\/diariodigitalmx.com\/index.php\/wp-json\/wp\/v2\/posts\/73648"}],"collection":[{"href":"https:\/\/diariodigitalmx.com\/index.php\/wp-json\/wp\/v2\/posts"}],"about":[{"href":"https:\/\/diariodigitalmx.com\/index.php\/wp-json\/wp\/v2\/types\/post"}],"author":[{"embeddable":true,"href":"https:\/\/diariodigitalmx.com\/index.php\/wp-json\/wp\/v2\/users\/1"}],"replies":[{"embeddable":true,"href":"https:\/\/diariodigitalmx.com\/index.php\/wp-json\/wp\/v2\/comments?post=73648"}],"version-history":[{"count":3,"href":"https:\/\/diariodigitalmx.com\/index.php\/wp-json\/wp\/v2\/posts\/73648\/revisions"}],"predecessor-version":[{"id":73654,"href":"https:\/\/diariodigitalmx.com\/index.php\/wp-json\/wp\/v2\/posts\/73648\/revisions\/73654"}],"wp:featuredmedia":[{"embeddable":true,"href":"https:\/\/diariodigitalmx.com\/index.php\/wp-json\/wp\/v2\/media\/73650"}],"wp:attachment":[{"href":"https:\/\/diariodigitalmx.com\/index.php\/wp-json\/wp\/v2\/media?parent=73648"}],"wp:term":[{"taxonomy":"category","embeddable":true,"href":"https:\/\/diariodigitalmx.com\/index.php\/wp-json\/wp\/v2\/categories?post=73648"},{"taxonomy":"post_tag","embeddable":true,"href":"https:\/\/diariodigitalmx.com\/index.php\/wp-json\/wp\/v2\/tags?post=73648"}],"curies":[{"name":"wp","href":"https:\/\/api.w.org\/{rel}","templated":true}]}}