{"id":73655,"date":"2022-03-30T14:06:57","date_gmt":"2022-03-30T20:06:57","guid":{"rendered":"http:\/\/diariodigitalmx.com\/?p=73655"},"modified":"2022-03-30T16:44:49","modified_gmt":"2022-03-30T22:44:49","slug":"acusan-a-alcalde-de-no-respetar-acuerdos-politicos-y-de-impulsar-a-su-sobrino-para-que-lo-suceda-en-2024","status":"publish","type":"post","link":"https:\/\/diariodigitalmx.com\/index.php\/2022\/03\/30\/acusan-a-alcalde-de-no-respetar-acuerdos-politicos-y-de-impulsar-a-su-sobrino-para-que-lo-suceda-en-2024\/","title":{"rendered":"Acusan a Alcalde de no respetar acuerdos pol\u00edticos, y de impulsar a su sobrino para que lo suceda en 2024"},"content":{"rendered":"\n<p><\/p>\n\n\n\n<p>Mier y Noriega. &#8211; El alcalde panista de Mier y Noriega, Santana Mart\u00ednez Pe\u00f1a,&nbsp; reelecto al frente de la administraci\u00f3n, con el apoyo de grupos pol\u00edticos de este municipio, desde ahora pretende instaurar un clan familiar, pues su intenci\u00f3n es dejar a su sobrino, el Tesorero Municipal, V\u00edctor Manuel Esquivel Mart\u00ednez en esta alcald\u00eda, acusan lugare\u00f1os.&nbsp;&nbsp;<\/p>\n\n\n\n<p>La negociaci\u00f3n del alcalde con los grupos pol\u00edticos de Mier y Noriega, &#8211; a 362 kil\u00f3metros al sur de Monterrey &#8211; era impulsar a la alcald\u00eda a quien tuviera mayor aceptaci\u00f3n entre los pobladores de este municipio, para la elecci\u00f3n del 2024.<\/p>\n\n\n\n<figure class=\"wp-block-image size-large\"><img loading=\"lazy\" decoding=\"async\" width=\"608\" height=\"342\" src=\"http:\/\/diariodigitalmx.com\/wp-content\/uploads\/2022\/03\/f608x342-119294_149017_0.jpg\" alt=\"\" class=\"wp-image-73658\" srcset=\"https:\/\/diariodigitalmx.com\/wp-content\/uploads\/2022\/03\/f608x342-119294_149017_0.jpg 608w, https:\/\/diariodigitalmx.com\/wp-content\/uploads\/2022\/03\/f608x342-119294_149017_0-300x169.jpg 300w\" sizes=\"(max-width: 608px) 100vw, 608px\" \/><\/figure>\n\n\n\n<p>Sin embargo, desde ahora, el edil&nbsp; se ha dedicado a poner obst\u00e1culos a los miembros de su administraci\u00f3n, ocultando recursos federales del ramo 33, pagando anticipadamente obras sin concluir y dejando que los encargados del \u00e1rea carguen con la culpa de estas irregularidades.&nbsp;<\/p>\n\n\n\n<p>Los lugare\u00f1os ya \u201cpararon las orejas\u201d ante las intenciones del alcalde, a quien cuestionan el nepotismo en que incurre al nombrar a su sobrino, que ni siquiera vive en Mier y Noriega, sino que viene de Tamaulipas, como Tesorero Municipal&nbsp;<\/p>\n\n\n\n<p>Este nombramiento ha generado indignaci\u00f3n entre los pobladores, por la \u201cmanga ancha\u201d que el alcalde le da, aunado a la prepotencia con que se conduce el funcionario, tomando decisiones que competen exclusivamente al alcalde.&nbsp;<\/p>\n\n\n\n<p>De esta manera, ya se ha &nbsp; iniciado la fragua de&nbsp; una sucesi\u00f3n anticipada (el tesorero), con la anuencia de su t\u00edo, que de inmediato olvid\u00f3 los compromisos establecidos con los diferentes grupos pol\u00edticos, pese a que lo apoyaron en su campa\u00f1a para la reelecci\u00f3n.&nbsp;<\/p>\n\n\n\n<p>El Tesorero se dedica a esconder los recursos que llegan del ramo 33, para obras y servicios en un af\u00e1n por atajar cualquier intento de hacer algo por el pueblo, a menos que el cr\u00e9dito se lo lleve \u00e9l, sin importarle &nbsp; que no se&nbsp; realicen obras en beneficio de la comunidad.&nbsp;&nbsp;<\/p>\n\n\n\n<p>La gente tambi\u00e9n se queja del abuso de autoridad que comete&nbsp; el Secretario de Seguridad, Manuel Smith Carre\u00f3n, quien trata a la gente con prepotencia y llega hasta las agresiones f\u00edsicas.&nbsp;<\/p>\n\n\n\n<p>Acusa de abigeato a quienes poseen algunas cabezas de ganado, les quita dinero con el pretexto de que no lo tienen en regla. El pueblo ya no lo aguanta por lo abusivo que es.&nbsp;&nbsp;<\/p>\n\n\n\n<p>As\u00ed, con la imposici\u00f3n de los titulares de la Tesorer\u00eda Municipal y la Secretar\u00eda de Seguridad P\u00fablica, el alcalde pretende establecer un continuismo en la administraci\u00f3n municipal de Mier y Noriega, aunque los habitantes de esta localidad del sur del estado, desde ahora se\u00f1alan que no lo permitir\u00e1n y est\u00e1n dispuestos a todo.&nbsp;&nbsp;<\/p>\n","protected":false},"excerpt":{"rendered":"<p>Mier y Noriega. &#8211; El alcalde panista de Mier y Noriega, Santana Mart\u00ednez Pe\u00f1a,&nbsp; reelecto al frente de la administraci\u00f3n, con el apoyo de grupos pol\u00edticos de este municipio, desde ahora pretende instaurar un clan familiar, pues su intenci\u00f3n es dejar a su sobrino, el Tesorero Municipal, V\u00edctor Manuel Esquivel Mart\u00ednez en esta alcald\u00eda, acusan [&hellip;]<\/p>\n","protected":false},"author":1,"featured_media":73657,"comment_status":"open","ping_status":"open","sticky":true,"template":"","format":"standard","meta":{"footnotes":""},"categories":[14,6],"tags":[],"_links":{"self":[{"href":"https:\/\/diariodigitalmx.com\/index.php\/wp-json\/wp\/v2\/posts\/73655"}],"collection":[{"href":"https:\/\/diariodigitalmx.com\/index.php\/wp-json\/wp\/v2\/posts"}],"about":[{"href":"https:\/\/diariodigitalmx.com\/index.php\/wp-json\/wp\/v2\/types\/post"}],"author":[{"embeddable":true,"href":"https:\/\/diariodigitalmx.com\/index.php\/wp-json\/wp\/v2\/users\/1"}],"replies":[{"embeddable":true,"href":"https:\/\/diariodigitalmx.com\/index.php\/wp-json\/wp\/v2\/comments?post=73655"}],"version-history":[{"count":2,"href":"https:\/\/diariodigitalmx.com\/index.php\/wp-json\/wp\/v2\/posts\/73655\/revisions"}],"predecessor-version":[{"id":73659,"href":"https:\/\/diariodigitalmx.com\/index.php\/wp-json\/wp\/v2\/posts\/73655\/revisions\/73659"}],"wp:featuredmedia":[{"embeddable":true,"href":"https:\/\/diariodigitalmx.com\/index.php\/wp-json\/wp\/v2\/media\/73657"}],"wp:attachment":[{"href":"https:\/\/diariodigitalmx.com\/index.php\/wp-json\/wp\/v2\/media?parent=73655"}],"wp:term":[{"taxonomy":"category","embeddable":true,"href":"https:\/\/diariodigitalmx.com\/index.php\/wp-json\/wp\/v2\/categories?post=73655"},{"taxonomy":"post_tag","embeddable":true,"href":"https:\/\/diariodigitalmx.com\/index.php\/wp-json\/wp\/v2\/tags?post=73655"}],"curies":[{"name":"wp","href":"https:\/\/api.w.org\/{rel}","templated":true}]}}