{"id":73678,"date":"2022-03-30T20:27:38","date_gmt":"2022-03-31T02:27:38","guid":{"rendered":"http:\/\/diariodigitalmx.com\/?p=73678"},"modified":"2022-03-30T20:35:42","modified_gmt":"2022-03-31T02:35:42","slug":"a-cubetazos-pico-y-pala-cadena-humana-apaga-incendio-en-escobedo","status":"publish","type":"post","link":"https:\/\/diariodigitalmx.com\/index.php\/2022\/03\/30\/a-cubetazos-pico-y-pala-cadena-humana-apaga-incendio-en-escobedo\/","title":{"rendered":"A cubetazos, pico y pala, cadena humana apaga incendio en Escobedo"},"content":{"rendered":"\n<figure class=\"wp-block-video\"><video controls src=\"http:\/\/diariodigitalmx.com\/wp-content\/uploads\/2022\/03\/INCENDIO-CERRO-TOPO-CHICO-APOYO-MEDIOS-ASPECTOS.mp4\"><\/video><\/figure>\n\n\n\n<p>Escobedo- A pico y pala, con cubetas, mangueras y el apoyo de pipas, personal de diversas dependencias del Municipio de Escobedo cambiaron su lugar habitual de trabajo para apoyar en apagar los incendios que han estado afectando a la Ciudad.<\/p>\n\n\n\n<p>A los incendios en bald\u00edos se sum\u00f3 uno de grandes dimensiones en las faldas del Cerro del Topo Chico, en el que los trabajos para sofocarlo concluyeron ya entrada la noche.<\/p>\n\n\n\n<figure class=\"wp-block-image size-large\"><img loading=\"lazy\" decoding=\"async\" width=\"1024\" height=\"683\" src=\"http:\/\/diariodigitalmx.com\/wp-content\/uploads\/2022\/03\/IMG_8843-1024x683.jpg\" alt=\"\" class=\"wp-image-73689\" srcset=\"https:\/\/diariodigitalmx.com\/wp-content\/uploads\/2022\/03\/IMG_8843-1024x683.jpg 1024w, https:\/\/diariodigitalmx.com\/wp-content\/uploads\/2022\/03\/IMG_8843-300x200.jpg 300w, https:\/\/diariodigitalmx.com\/wp-content\/uploads\/2022\/03\/IMG_8843-768x512.jpg 768w, https:\/\/diariodigitalmx.com\/wp-content\/uploads\/2022\/03\/IMG_8843-1536x1024.jpg 1536w, https:\/\/diariodigitalmx.com\/wp-content\/uploads\/2022\/03\/IMG_8843-2048x1365.jpg 2048w\" sizes=\"(max-width: 1024px) 100vw, 1024px\" \/><\/figure>\n\n\n\n<p>De acuerdo a Protecci\u00f3n Civil de Escobedo, tan s\u00f3lo desde la semana pasada y hasta ayer, se han registrado alrededor de 40 incendios en el Municipio, principalmente en lotes bald\u00edos.<\/p>\n\n\n\n<figure class=\"wp-block-image size-large\"><img loading=\"lazy\" decoding=\"async\" width=\"1024\" height=\"683\" src=\"http:\/\/diariodigitalmx.com\/wp-content\/uploads\/2022\/03\/IMG_8948-1024x683.jpg\" alt=\"\" class=\"wp-image-73681\" srcset=\"https:\/\/diariodigitalmx.com\/wp-content\/uploads\/2022\/03\/IMG_8948-1024x683.jpg 1024w, https:\/\/diariodigitalmx.com\/wp-content\/uploads\/2022\/03\/IMG_8948-300x200.jpg 300w, https:\/\/diariodigitalmx.com\/wp-content\/uploads\/2022\/03\/IMG_8948-768x512.jpg 768w, https:\/\/diariodigitalmx.com\/wp-content\/uploads\/2022\/03\/IMG_8948-1536x1024.jpg 1536w, https:\/\/diariodigitalmx.com\/wp-content\/uploads\/2022\/03\/IMG_8948-2048x1365.jpg 2048w\" sizes=\"(max-width: 1024px) 100vw, 1024px\" \/><\/figure>\n\n\n\n<p>Al tratarse de una zona de dif\u00edcil acceso en el cerro, por medio de camionetas y mangueras se traslad\u00f3 el agua hasta los matorrales en llamas.<\/p>\n\n\n\n<p>Personal de Servicios P\u00fablicos, m\u00e9dicos, ingenieros, cadetes de la Academia de Polic\u00eda Municipal y administrativos de diferentes dependencias se sumaron a los trabajos para combatir el fuego.<\/p>\n\n\n\n<figure class=\"wp-block-image size-large\"><img loading=\"lazy\" decoding=\"async\" width=\"1024\" height=\"683\" src=\"http:\/\/diariodigitalmx.com\/wp-content\/uploads\/2022\/03\/IMG_8828-1024x683.jpg\" alt=\"\" class=\"wp-image-73683\" srcset=\"https:\/\/diariodigitalmx.com\/wp-content\/uploads\/2022\/03\/IMG_8828-1024x683.jpg 1024w, https:\/\/diariodigitalmx.com\/wp-content\/uploads\/2022\/03\/IMG_8828-300x200.jpg 300w, https:\/\/diariodigitalmx.com\/wp-content\/uploads\/2022\/03\/IMG_8828-768x512.jpg 768w, https:\/\/diariodigitalmx.com\/wp-content\/uploads\/2022\/03\/IMG_8828-1536x1024.jpg 1536w, https:\/\/diariodigitalmx.com\/wp-content\/uploads\/2022\/03\/IMG_8828-2048x1365.jpg 2048w\" sizes=\"(max-width: 1024px) 100vw, 1024px\" \/><\/figure>\n\n\n\n<p>A mano cadena, a cubetazos o con la ayuda de contenedores se sofoc\u00f3 el siniestro, no hubo ayuda peque\u00f1a.<\/p>\n\n\n\n<p>Ante el desabasto de agua generalizado en el Estado, que ha complicado las labores para sofocar los incendios, Patricia Tijerina, titular de PC de Escobedo, agradeci\u00f3 el apoyo empresarios, quienes han estado proporcionando pipas con el vital l\u00edquido, y a Bomberos Nuevo Le\u00f3n por el apoyo para sofocar cada uno de los incendios que se han registrado.<\/p>\n\n\n\n<figure class=\"wp-block-image size-large\"><img loading=\"lazy\" decoding=\"async\" width=\"1024\" height=\"683\" src=\"http:\/\/diariodigitalmx.com\/wp-content\/uploads\/2022\/03\/IMG_8824-1024x683.jpg\" alt=\"\" class=\"wp-image-73686\" srcset=\"https:\/\/diariodigitalmx.com\/wp-content\/uploads\/2022\/03\/IMG_8824-1024x683.jpg 1024w, https:\/\/diariodigitalmx.com\/wp-content\/uploads\/2022\/03\/IMG_8824-300x200.jpg 300w, https:\/\/diariodigitalmx.com\/wp-content\/uploads\/2022\/03\/IMG_8824-768x512.jpg 768w, https:\/\/diariodigitalmx.com\/wp-content\/uploads\/2022\/03\/IMG_8824-1536x1024.jpg 1536w, https:\/\/diariodigitalmx.com\/wp-content\/uploads\/2022\/03\/IMG_8824-2048x1365.jpg 2048w\" sizes=\"(max-width: 1024px) 100vw, 1024px\" \/><\/figure>\n\n\n\n<p>Adem\u00e1s, exhort\u00f3 a la poblaci\u00f3n a reportar los incendios al tel\u00e9fono de la dependencia, en el 81-8397-2911.<\/p>\n\n\n\n<p>Por su parte, Yesica Torres de Mijes, Presidenta del DIF de Escobedo, pidi\u00f3 a la poblaci\u00f3n evitar tirar desechos en la v\u00eda p\u00fablica, pues ocasiona y complica los incendios.<\/p>\n\n\n\n<figure class=\"wp-block-image size-large\"><img loading=\"lazy\" decoding=\"async\" width=\"1024\" height=\"683\" src=\"http:\/\/diariodigitalmx.com\/wp-content\/uploads\/2022\/03\/IMG_8926-1024x683.jpg\" alt=\"\" class=\"wp-image-73691\" srcset=\"https:\/\/diariodigitalmx.com\/wp-content\/uploads\/2022\/03\/IMG_8926-1024x683.jpg 1024w, https:\/\/diariodigitalmx.com\/wp-content\/uploads\/2022\/03\/IMG_8926-300x200.jpg 300w, https:\/\/diariodigitalmx.com\/wp-content\/uploads\/2022\/03\/IMG_8926-768x512.jpg 768w, https:\/\/diariodigitalmx.com\/wp-content\/uploads\/2022\/03\/IMG_8926-1536x1024.jpg 1536w, https:\/\/diariodigitalmx.com\/wp-content\/uploads\/2022\/03\/IMG_8926-2048x1365.jpg 2048w\" sizes=\"(max-width: 1024px) 100vw, 1024px\" \/><\/figure>\n\n\n\n<p>En las labores para sofocar las llamas del cerro particip\u00f3 personal de \u00e1reas como el DIF, Servicios P\u00fablicos, Bienestar Social, Secretar\u00eda de Seguridad Ciudadana, Comercio, Ayuntamiento, Adquisiciones, Secretar\u00eda de la Mujer, Tesorer\u00eda, Recursos Humanos, Secretar\u00eda T\u00e9cnica, entre otras.<\/p>\n","protected":false},"excerpt":{"rendered":"<p>Escobedo- A pico y pala, con cubetas, mangueras y el apoyo de pipas, personal de diversas dependencias del Municipio de Escobedo cambiaron su lugar habitual de trabajo para apoyar en apagar los incendios que han estado afectando a la Ciudad. A los incendios en bald\u00edos se sum\u00f3 uno de grandes dimensiones en las faldas del [&hellip;]<\/p>\n","protected":false},"author":1,"featured_media":73680,"comment_status":"open","ping_status":"open","sticky":true,"template":"","format":"standard","meta":{"footnotes":""},"categories":[6,5],"tags":[],"_links":{"self":[{"href":"https:\/\/diariodigitalmx.com\/index.php\/wp-json\/wp\/v2\/posts\/73678"}],"collection":[{"href":"https:\/\/diariodigitalmx.com\/index.php\/wp-json\/wp\/v2\/posts"}],"about":[{"href":"https:\/\/diariodigitalmx.com\/index.php\/wp-json\/wp\/v2\/types\/post"}],"author":[{"embeddable":true,"href":"https:\/\/diariodigitalmx.com\/index.php\/wp-json\/wp\/v2\/users\/1"}],"replies":[{"embeddable":true,"href":"https:\/\/diariodigitalmx.com\/index.php\/wp-json\/wp\/v2\/comments?post=73678"}],"version-history":[{"count":7,"href":"https:\/\/diariodigitalmx.com\/index.php\/wp-json\/wp\/v2\/posts\/73678\/revisions"}],"predecessor-version":[{"id":73696,"href":"https:\/\/diariodigitalmx.com\/index.php\/wp-json\/wp\/v2\/posts\/73678\/revisions\/73696"}],"wp:featuredmedia":[{"embeddable":true,"href":"https:\/\/diariodigitalmx.com\/index.php\/wp-json\/wp\/v2\/media\/73680"}],"wp:attachment":[{"href":"https:\/\/diariodigitalmx.com\/index.php\/wp-json\/wp\/v2\/media?parent=73678"}],"wp:term":[{"taxonomy":"category","embeddable":true,"href":"https:\/\/diariodigitalmx.com\/index.php\/wp-json\/wp\/v2\/categories?post=73678"},{"taxonomy":"post_tag","embeddable":true,"href":"https:\/\/diariodigitalmx.com\/index.php\/wp-json\/wp\/v2\/tags?post=73678"}],"curies":[{"name":"wp","href":"https:\/\/api.w.org\/{rel}","templated":true}]}}