{"id":73734,"date":"2022-03-31T18:51:50","date_gmt":"2022-04-01T00:51:50","guid":{"rendered":"http:\/\/diariodigitalmx.com\/?p=73734"},"modified":"2022-03-31T18:52:26","modified_gmt":"2022-04-01T00:52:26","slug":"politica-migratoria-de-titulo-42-podria-definirse-esta-semana","status":"publish","type":"post","link":"https:\/\/diariodigitalmx.com\/index.php\/2022\/03\/31\/politica-migratoria-de-titulo-42-podria-definirse-esta-semana\/","title":{"rendered":"Pol\u00edtica migratoria de T\u00edtulo 42 podr\u00eda definirse esta semana"},"content":{"rendered":"\n<p><\/p>\n\n\n\n<p>Por Rogelio Romero<\/p>\n\n\n\n<p>McAllen, Texas.- El gobierno de Estados Unidos podr\u00eda tomar una determinaci\u00f3n este viernes 1 de abril, sobre&nbsp; seguir o no aplicando la pol\u00edtica migratoria denominada T\u00edtulo 42, seg\u00fan se\u00f1al\u00f3 la directora de la organizaci\u00f3n&nbsp; humanitaria Caridades Cat\u00f3licas, Norma Pimentel.<\/p>\n\n\n\n<p>Agreg\u00f3 que se espera que&nbsp; las autoridades federales de salud den a conocer si se renueva o no la restricci\u00f3n migratoria que permite repatriar a una gran cantidad de migrantes sin documentos, esto bajo el argumento de&nbsp; seguridad nacional debido a la pandemia del covid 19.<\/p>\n\n\n\n<p>\u201cSi la pol\u00edtica ya no se renueva se espera que se incremente el n\u00famero de personas migrantes que peticionan asilo humanitario en Estados Unidos, adem\u00e1s de la llegada de nuevas caravanas de migrantes a la frontera\u201d, agreg\u00f3.<\/p>\n\n\n\n<p>Resalt\u00f3 que si esto sucede los albergues y centros humanitarios que atienden a migrantes a lo largo de la frontera de&nbsp; Estados Unidos y M\u00e9xico,&nbsp; ver\u00e1n un gran incremento en el n\u00famero de personas que atienden.<\/p>\n\n\n\n<p>\u201cSi esta pol\u00edtica ya no se aplica en Estados Unidos, se tiene que buscar c\u00f3mo atender las solicitudes&nbsp; de asilo humanitario, que presentan los migrantes y hacerlo en forma ordenada\u201d.<\/p>\n\n\n\n<p>Agreg\u00f3 que la Patrulla Fronteriza tendr\u00e1 m\u00e1s trabajo y tambi\u00e9n las organizaciones humanitarias cuando los migrantes sean liberados por las autoridades federales, adem\u00e1s otra forma de atender la problem\u00e1tica ser\u00eda agilizar el proceso de entrada de los migrantes que permanecen en M\u00e9xico.<\/p>\n\n\n\n<p>\u201cActualmente los migrantes tienen la opci\u00f3n de si no quieren permanecer en la frontera, pueden ser trasladados a Monterrey y esperar la resoluci\u00f3n de su caso, en esta ciudad del norte de M\u00e9xico\u201d, mencion\u00f3.<\/p>\n\n\n\n<p>CASO REYNOSA<\/p>\n\n\n\n<p>La hermana Pimentel se\u00f1al\u00f3 que en la ciudad fronteriza tamaulipeca de Reynosa, permanecen alrededor de 9 mil migrantes y de los cuales unos 3 mil est\u00e1n acampados en Plaza Las Am\u00e9ricas, una \u00e1rea verde que se encuentra a una cuadra del puente internacional Reynosa-Hidalgo.<\/p>\n\n\n\n<p>Resalt\u00f3 que los migrantes permanecen&nbsp; en condiciones deplorables desde hace m\u00e1s de un a\u00f1o, y que, se espera la terminaci\u00f3n de una construcci\u00f3n de locaciones al oeste de la ciudad para reubicarlos.<\/p>\n\n\n\n<p>El terreno es un \u00e1rea deportiva donde se construyen ba\u00f1os, un comedor y otras obras materiales para que los migrantes puedan pernoctar ah\u00ed. La construcci\u00f3n y puesta en marcha del lugar podr\u00eda ocurrir en este mes de abril.<\/p>\n","protected":false},"excerpt":{"rendered":"<p>Por Rogelio Romero McAllen, Texas.- El gobierno de Estados Unidos podr\u00eda tomar una determinaci\u00f3n este viernes 1 de abril, sobre&nbsp; seguir o no aplicando la pol\u00edtica migratoria denominada T\u00edtulo 42, seg\u00fan se\u00f1al\u00f3 la directora de la organizaci\u00f3n&nbsp; humanitaria Caridades Cat\u00f3licas, Norma Pimentel. Agreg\u00f3 que se espera que&nbsp; las autoridades federales de salud den a conocer [&hellip;]<\/p>\n","protected":false},"author":1,"featured_media":73736,"comment_status":"open","ping_status":"open","sticky":true,"template":"","format":"standard","meta":{"footnotes":""},"categories":[14,4],"tags":[],"_links":{"self":[{"href":"https:\/\/diariodigitalmx.com\/index.php\/wp-json\/wp\/v2\/posts\/73734"}],"collection":[{"href":"https:\/\/diariodigitalmx.com\/index.php\/wp-json\/wp\/v2\/posts"}],"about":[{"href":"https:\/\/diariodigitalmx.com\/index.php\/wp-json\/wp\/v2\/types\/post"}],"author":[{"embeddable":true,"href":"https:\/\/diariodigitalmx.com\/index.php\/wp-json\/wp\/v2\/users\/1"}],"replies":[{"embeddable":true,"href":"https:\/\/diariodigitalmx.com\/index.php\/wp-json\/wp\/v2\/comments?post=73734"}],"version-history":[{"count":1,"href":"https:\/\/diariodigitalmx.com\/index.php\/wp-json\/wp\/v2\/posts\/73734\/revisions"}],"predecessor-version":[{"id":73735,"href":"https:\/\/diariodigitalmx.com\/index.php\/wp-json\/wp\/v2\/posts\/73734\/revisions\/73735"}],"wp:featuredmedia":[{"embeddable":true,"href":"https:\/\/diariodigitalmx.com\/index.php\/wp-json\/wp\/v2\/media\/73736"}],"wp:attachment":[{"href":"https:\/\/diariodigitalmx.com\/index.php\/wp-json\/wp\/v2\/media?parent=73734"}],"wp:term":[{"taxonomy":"category","embeddable":true,"href":"https:\/\/diariodigitalmx.com\/index.php\/wp-json\/wp\/v2\/categories?post=73734"},{"taxonomy":"post_tag","embeddable":true,"href":"https:\/\/diariodigitalmx.com\/index.php\/wp-json\/wp\/v2\/tags?post=73734"}],"curies":[{"name":"wp","href":"https:\/\/api.w.org\/{rel}","templated":true}]}}