{"id":73740,"date":"2022-03-31T21:28:37","date_gmt":"2022-04-01T03:28:37","guid":{"rendered":"http:\/\/diariodigitalmx.com\/?p=73740"},"modified":"2022-03-31T21:30:34","modified_gmt":"2022-04-01T03:30:34","slug":"preguuuntenles-preguuuntenles","status":"publish","type":"post","link":"https:\/\/diariodigitalmx.com\/index.php\/2022\/03\/31\/preguuuntenles-preguuuntenles\/","title":{"rendered":"Preg\u00fa\u00fa\u00fantenles&#8230;preg\u00fa\u00fa\u00fantenles"},"content":{"rendered":"\n<p><\/p>\n\n\n\n<p><\/p>\n\n\n\n<p>Por Salvador Hern\u00e1ndez <strong><em>LANDEROS<\/em><\/strong><\/p>\n\n\n\n<p>Ser\u00eda bueno, <strong><em>si nos topamos con un alcalde, diputado, regido o l\u00edderes de partidos,<\/em><\/strong> les preguntemos si van a votar en la Revocaci\u00f3n de Mandato.<\/p>\n\n\n\n<p>A partir de hoy faltan 10 d\u00edas y est\u00e1 en juego la vida democr\u00e1tica de nuestro Pa\u00eds y, fuera de las Ongs, <strong><em>los legisladores del pueblo andan todos agachados.<\/em><\/strong><\/p>\n\n\n\n<p><strong><em>No hemos visto a reporteros televisivos que cubren la fuente del Congreso, entrevistar a un diputado que exhorte a la ciudadan\u00eda a votar el 10 de abril<\/em><\/strong>.<\/p>\n\n\n\n<p>En NL a\u00fan existen muchos ciudadanos que est\u00e1n inciertos. <strong><em>Traen ese dilema y perciben que es una trampa y no hay quien les explique el proceso<\/em><\/strong>.<\/p>\n\n\n\n<p>En la actual Legislatura, sus integrantes, <strong><em>andan m\u00e1s abocados en sus asuntos personales, como bonos, carros y otros para no darle contra al ejecutivo<\/em><\/strong>.<\/p>\n\n\n\n<p>Por cierto, en d\u00edas pasados les dijimos <strong><em>que la iniciativa del ejecutivo estatal para la Reforma integral a la Constituci\u00f3n local, la hab\u00edan aprobado en la primera vuelta sin cambiarle una coma.<\/em><\/strong><\/p>\n\n\n\n<p>El diputado H\u00e9ctor Garc\u00eda, quien es el presidente de la comisi\u00f3n de Puntos Constitucionales, <strong><em>seg\u00fan sus propias palabras, nos concedi\u00f3 la raz\u00f3n (muchas gracias) y hoy habr\u00e1 agenda para ese tema<\/em><\/strong>.<\/p>\n\n\n\n<p>El priista anunci\u00f3 que hoy<strong><em> \u201ciniciar\u00e1n un conversatorio en el que participen los promoventes de la Reforma para que expliquen el porqu\u00e9 y para qu\u00e9 plantean la reforma integral\u201d (sic)<\/em><\/strong><\/p>\n\n\n\n<p>Pero volviendo al tema de la Revocaci\u00f3n de Mandato, <strong><em>hay que exigirles a diputados, alcaldes y l\u00edderes que no se escondan<\/em><\/strong>, que les quiten las dudas a los ciudadanos.<\/p>\n\n\n\n<p>Que no salgan con mamilas, <strong><em>ni con la jalada de que hay \u201cveda electoral<\/em><\/strong>\u201d. Si as\u00ed fuera, ni el presidente hablar\u00eda sobre el tema en sus ma\u00f1aneras.<\/p>\n\n\n\n<p><a href=\"mailto:chavalolanderos@yahoo.com.mx\">chavalolanderos@yahoo.com.mx<\/a><\/p>\n","protected":false},"excerpt":{"rendered":"<p>Por Salvador Hern\u00e1ndez LANDEROS Ser\u00eda bueno, si nos topamos con un alcalde, diputado, regido o l\u00edderes de partidos, les preguntemos si van a votar en la Revocaci\u00f3n de Mandato. A partir de hoy faltan 10 d\u00edas y est\u00e1 en juego la vida democr\u00e1tica de nuestro Pa\u00eds y, fuera de las Ongs, los legisladores del pueblo [&hellip;]<\/p>\n","protected":false},"author":1,"featured_media":73699,"comment_status":"open","ping_status":"open","sticky":true,"template":"","format":"standard","meta":{"footnotes":""},"categories":[14,12],"tags":[],"_links":{"self":[{"href":"https:\/\/diariodigitalmx.com\/index.php\/wp-json\/wp\/v2\/posts\/73740"}],"collection":[{"href":"https:\/\/diariodigitalmx.com\/index.php\/wp-json\/wp\/v2\/posts"}],"about":[{"href":"https:\/\/diariodigitalmx.com\/index.php\/wp-json\/wp\/v2\/types\/post"}],"author":[{"embeddable":true,"href":"https:\/\/diariodigitalmx.com\/index.php\/wp-json\/wp\/v2\/users\/1"}],"replies":[{"embeddable":true,"href":"https:\/\/diariodigitalmx.com\/index.php\/wp-json\/wp\/v2\/comments?post=73740"}],"version-history":[{"count":2,"href":"https:\/\/diariodigitalmx.com\/index.php\/wp-json\/wp\/v2\/posts\/73740\/revisions"}],"predecessor-version":[{"id":73742,"href":"https:\/\/diariodigitalmx.com\/index.php\/wp-json\/wp\/v2\/posts\/73740\/revisions\/73742"}],"wp:featuredmedia":[{"embeddable":true,"href":"https:\/\/diariodigitalmx.com\/index.php\/wp-json\/wp\/v2\/media\/73699"}],"wp:attachment":[{"href":"https:\/\/diariodigitalmx.com\/index.php\/wp-json\/wp\/v2\/media?parent=73740"}],"wp:term":[{"taxonomy":"category","embeddable":true,"href":"https:\/\/diariodigitalmx.com\/index.php\/wp-json\/wp\/v2\/categories?post=73740"},{"taxonomy":"post_tag","embeddable":true,"href":"https:\/\/diariodigitalmx.com\/index.php\/wp-json\/wp\/v2\/tags?post=73740"}],"curies":[{"name":"wp","href":"https:\/\/api.w.org\/{rel}","templated":true}]}}