{"id":7377,"date":"2019-07-05T10:57:25","date_gmt":"2019-07-05T15:57:25","guid":{"rendered":"http:\/\/diariodigitalmx.com\/?p=7377"},"modified":"2019-07-05T11:07:15","modified_gmt":"2019-07-05T16:07:15","slug":"invitan-a-clases-gratuitas-de-ingles-en-el-iutt","status":"publish","type":"post","link":"https:\/\/diariodigitalmx.com\/index.php\/2019\/07\/05\/invitan-a-clases-gratuitas-de-ingles-en-el-iutt\/","title":{"rendered":"Invitan a clases gratuitas de ingl\u00e9s en el IUTT"},"content":{"rendered":"\n<p>*Cursos sabatinos para todas las personas<\/p>\n\n\n\n<p>*Compromiso social del IUTT y la FROC<\/p>\n\n\n\n<p>Yaneth Alonso<\/p>\n\n\n\n<p>Monterrey, N. L- El Instituto Universitario Tecnol\u00f3gico de los Trabajadores y la Federaci\u00f3n Revolucionaria de Obreros y Campesinos de Nuevo Le\u00f3n, inician este s\u00e1bado 6 de julio, cursos gratuitos de ingl\u00e9s.<br><\/p>\n\n\n\n<p>Los cursos ser\u00e1n solamente los s\u00e1bados y est\u00e1n a disposici\u00f3n para ni\u00f1os, j\u00f3venes, adultos y adultos mayores que quieran aprender el idioma del ingl\u00e9s, inform\u00f3 el secretario general de la Federaci\u00f3n de Sindicatos de &nbsp;Trabajadores del Autotransporte (FESTA), Osvaldo Serna Serv\u00edn.<br><\/p>\n\n\n\n<p>Se trata de un club de idiomas que inicia este s\u00e1bado con una prueba de diagn\u00f3stico para quienes acudan a inscribirse con la finalidad de determinar el grado de avance que se tenga en el ingl\u00e9s, dijo por su parte el profesor Rub\u00e9n Parga.<\/p>\n\n\n\n<p>La cita es a las 8:00 AM en la sede central del IUTT en Felix U. G\u00f3mez 235 esquina con Espinosa.<br><\/p>\n\n\n\n<p>Los interesados puedes contactarse \u00a0en Facebook e Instagram como IUTT Monterrey o CROC de Nuevo Le\u00f3n, o en los tel\u00e9fonos \u00a083449994 y Whatsapp:812259725.<\/p>\n\n\n\n<p>El IUTT es la primera universidad obrera en el Pa\u00eds y ahora extiende su educaci\u00f3n a todas las personas sin importar su edad para aprender ingl\u00e9s, pues forma parte de la responsabilidad social de la CROC, dice Osvaldo Serna.<br><\/p>\n\n\n\n<p>El dirigente de la FESTA reitera que la CROC con Alberto Serna de Le\u00f3n al frente como l\u00edder estatal, le apuesta a la educaci\u00f3n y asume el compromiso de estar cerca de la gente, al margen de las cuestiones laborales que se manejan aparte.<\/p>\n\n\n\n<p><\/p>\n\n\n\n<p><\/p>\n\n\n\n<p><\/p>\n\n\n\n<figure class=\"wp-block-image\"><img loading=\"lazy\" decoding=\"async\" width=\"680\" height=\"451\" src=\"http:\/\/diariodigitalmx.com\/wp-content\/uploads\/2019\/07\/images-1-4.jpeg\" alt=\"\" class=\"wp-image-7381\" srcset=\"https:\/\/diariodigitalmx.com\/wp-content\/uploads\/2019\/07\/images-1-4.jpeg 680w, https:\/\/diariodigitalmx.com\/wp-content\/uploads\/2019\/07\/images-1-4-300x199.jpeg 300w\" sizes=\"(max-width: 680px) 100vw, 680px\" \/><\/figure>\n","protected":false},"excerpt":{"rendered":"<p>*Cursos sabatinos para todas las personas *Compromiso social del IUTT y la FROC Yaneth Alonso Monterrey, N. L- El Instituto Universitario Tecnol\u00f3gico de los Trabajadores y la Federaci\u00f3n Revolucionaria de Obreros y Campesinos de Nuevo Le\u00f3n, inician este s\u00e1bado 6 de julio, cursos gratuitos de ingl\u00e9s. Los cursos ser\u00e1n solamente los s\u00e1bados y est\u00e1n a [&hellip;]<\/p>\n","protected":false},"author":1,"featured_media":7380,"comment_status":"open","ping_status":"open","sticky":true,"template":"","format":"standard","meta":{"footnotes":""},"categories":[6],"tags":[],"_links":{"self":[{"href":"https:\/\/diariodigitalmx.com\/index.php\/wp-json\/wp\/v2\/posts\/7377"}],"collection":[{"href":"https:\/\/diariodigitalmx.com\/index.php\/wp-json\/wp\/v2\/posts"}],"about":[{"href":"https:\/\/diariodigitalmx.com\/index.php\/wp-json\/wp\/v2\/types\/post"}],"author":[{"embeddable":true,"href":"https:\/\/diariodigitalmx.com\/index.php\/wp-json\/wp\/v2\/users\/1"}],"replies":[{"embeddable":true,"href":"https:\/\/diariodigitalmx.com\/index.php\/wp-json\/wp\/v2\/comments?post=7377"}],"version-history":[{"count":4,"href":"https:\/\/diariodigitalmx.com\/index.php\/wp-json\/wp\/v2\/posts\/7377\/revisions"}],"predecessor-version":[{"id":7384,"href":"https:\/\/diariodigitalmx.com\/index.php\/wp-json\/wp\/v2\/posts\/7377\/revisions\/7384"}],"wp:featuredmedia":[{"embeddable":true,"href":"https:\/\/diariodigitalmx.com\/index.php\/wp-json\/wp\/v2\/media\/7380"}],"wp:attachment":[{"href":"https:\/\/diariodigitalmx.com\/index.php\/wp-json\/wp\/v2\/media?parent=7377"}],"wp:term":[{"taxonomy":"category","embeddable":true,"href":"https:\/\/diariodigitalmx.com\/index.php\/wp-json\/wp\/v2\/categories?post=7377"},{"taxonomy":"post_tag","embeddable":true,"href":"https:\/\/diariodigitalmx.com\/index.php\/wp-json\/wp\/v2\/tags?post=7377"}],"curies":[{"name":"wp","href":"https:\/\/api.w.org\/{rel}","templated":true}]}}